{"id":35752,"date":"2022-03-31T07:45:09","date_gmt":"2022-03-31T10:45:09","guid":{"rendered":"https:\/\/maricatotal.com.br\/site\/?p=35752"},"modified":"2022-03-31T07:45:14","modified_gmt":"2022-03-31T10:45:14","slug":"marica-cria-plano-municipal-de-contingencia-para-emergencias","status":"publish","type":"post","link":"https:\/\/maricatotal.com.br\/site\/2022\/03\/31\/marica-cria-plano-municipal-de-contingencia-para-emergencias\/","title":{"rendered":"Maric\u00e1 cria Plano Municipal de Conting\u00eancia para emerg\u00eancias\u00a0"},"content":{"rendered":"\n<p>A Prefeitura de Maric\u00e1 criou o Plano de Conting\u00eancia de Prote\u00e7\u00e3o e Defesa Civil de 2022 para trabalho das equipes em deslizamentos de grande impacto e inunda\u00e7\u00f5es bruscas provocadas pelas chuvas. A Defesa Civil municipal mapeou 145 pontos de risco geol\u00f3gico (deslizamento de terra e rolamento de rochas), oito locais de eros\u00e3o costeira e 51 \u00e1reas suscet\u00edveis a inunda\u00e7\u00f5es, onde residem milhares de pessoas. Com protocolos definidos, nos casos de necessidade, o plano dar\u00e1 agilidade nas a\u00e7\u00f5es integradas entre \u00f3rg\u00e3os do munic\u00edpio.<\/p>\n\n\n\n<p>As \u00e1reas classificadas com risco geol\u00f3gico muito alto ficam no Centro, Bairro da Amizade, Ino\u00e3, S\u00e3o Jos\u00e9 do Imbassa\u00ed, Bambu\u00ed, Ara\u00e7atiba, Recanto e Cajueiros (Itaipua\u00e7u), Ponta Negra, Jacaro\u00e1, Espraiado, Caju, Vale da Figueira e Boqueir\u00e3o. J\u00e1 os principais pontos de eros\u00e3o costeira ficam em Barra de Maric\u00e1, Cordeirinho e Ponta Negra.<\/p>\n\n\n\n<p>O secret\u00e1rio de Prote\u00e7\u00e3o e Defesa Civil, Fabr\u00edcio Bittencourt, destacou os investimentos da prefeitura em equipamentos que auxiliam no monitoramento, como o mapeamento das \u00e1reas de risco, instala\u00e7\u00e3o de pluvi\u00f4metros, sistema de alerta e alarme de sirenes em 14 pontos da cidade e envio de mensagens por celular.<\/p>\n\n\n\n<p>\u201cO Plano de Conting\u00eancia estabelece os procedimentos a serem adotados pelos \u00f3rg\u00e3os envolvidos na gest\u00e3o do risco para minimizar os danos \u00e0 popula\u00e7\u00e3o causados por temporais e\/ou vendavais. Todas essas a\u00e7\u00f5es mostram a preocupa\u00e7\u00e3o do poder p\u00fablico em manter a resili\u00eancia dos maricaenses\u201d, afirmou o secret\u00e1rio.<\/p>\n\n\n\n<p><strong>Alerta na palma da m\u00e3o<\/strong><\/p>\n\n\n\n<p>Para alertar a popula\u00e7\u00e3o, a Secretaria de Prote\u00e7\u00e3o e Defesa Civil envia mensagens de texto (SMS) para os n\u00fameros de celulares cadastrados pelo 40199, avisando sobre mudan\u00e7as clim\u00e1ticas e possibilidades de chuvas. Quem quiser receber as notifica\u00e7\u00f5es pelo celular, basta enviar uma mensagem de texto com o CEP de sua resid\u00eancia para o n\u00famero 40199.<\/p>\n\n\n\n<p>O \u00f3rg\u00e3o municipal ainda emite informes meteorol\u00f3gicos diariamente, com os est\u00e1gios clim\u00e1ticos, que s\u00e3o publicados no Portal da Prefeitura \u2013 www.marica.rj.gov.br. A Defesa Civil municipal utiliza quatro est\u00e1gios operacionais para alertar a intensidade das chuvas na cidade: vigil\u00e2ncia, aten\u00e7\u00e3o, alerta e alerta m\u00e1ximo.<\/p>\n\n\n\n<p><strong>O que diz o Plano de Conting\u00eancia<\/strong><\/p>\n\n\n\n<p>O plano estabelece as responsabilidades de cada \u00f3rg\u00e3o envolvido em per\u00edodos de desastres naturais. A Defesa Civil organiza os pontos de comando, \u00e1reas de evacua\u00e7\u00e3o, rotas de fuga, pontos de apoio e abrigos (como escolas da rede municipal de ensino). J\u00e1 o cadastramento das pessoas cabe \u00e0 Assist\u00eancia Social, que tamb\u00e9m ficar\u00e1 respons\u00e1vel pela organiza\u00e7\u00e3o e distribui\u00e7\u00e3o de donativos.<\/p>\n\n\n\n<p>A autarquia Servi\u00e7o de Obras de Maric\u00e1 (Somar) e a Secretaria de Urbanismo ficam a cargo do planejamento e execu\u00e7\u00e3o das obras de recupera\u00e7\u00e3o das \u00e1reas atingidas pelos desastres. J\u00e1 a pasta de Ilumina\u00e7\u00e3o P\u00fablica e a Somar realizar\u00e3o, junto \u00e0s concession\u00e1rias, o restabelecimento dos servi\u00e7os de \u00e1gua e energia el\u00e9trica.<\/p>\n\n\n\n<p>Veja o Plano de Conting\u00eancia na \u00edntegra&nbsp;<a href=\"https:\/\/www.marica.rj.gov.br\/wp-content\/uploads\/2022\/03\/00-JOM_1275.-14-fev-22-Plancon-Publicado.pdf\">clicando aqui<\/a>.<\/p>\n","protected":false},"excerpt":{"rendered":"<p>A Prefeitura de Maric\u00e1 criou o Plano de Conting\u00eancia de Prote\u00e7\u00e3o e Defesa Civil de 2022 para trabalho das equipes<\/p>\n","protected":false},"author":1,"featured_media":35754,"comment_status":"open","ping_status":"open","sticky":false,"template":"","format":"standard","meta":{"colormag_page_container_layout":"default_layout","colormag_page_sidebar_layout":"default_layout","footnotes":""},"categories":[14,17],"tags":[],"class_list":["post-35752","post","type-post","status-publish","format-standard","has-post-thumbnail","hentry","category-bairros","category-politica"],"amp_enabled":true,"_links":{"self":[{"href":"https:\/\/maricatotal.com.br\/site\/wp-json\/wp\/v2\/posts\/35752","targetHints":{"allow":["GET"]}}],"collection":[{"href":"https:\/\/maricatotal.com.br\/site\/wp-json\/wp\/v2\/posts"}],"about":[{"href":"https:\/\/maricatotal.com.br\/site\/wp-json\/wp\/v2\/types\/post"}],"author":[{"embeddable":true,"href":"https:\/\/maricatotal.com.br\/site\/wp-json\/wp\/v2\/users\/1"}],"replies":[{"embeddable":true,"href":"https:\/\/maricatotal.com.br\/site\/wp-json\/wp\/v2\/comments?post=35752"}],"version-history":[{"count":1,"href":"https:\/\/maricatotal.com.br\/site\/wp-json\/wp\/v2\/posts\/35752\/revisions"}],"predecessor-version":[{"id":35755,"href":"https:\/\/maricatotal.com.br\/site\/wp-json\/wp\/v2\/posts\/35752\/revisions\/35755"}],"wp:featuredmedia":[{"embeddable":true,"href":"https:\/\/maricatotal.com.br\/site\/wp-json\/wp\/v2\/media\/35754"}],"wp:attachment":[{"href":"https:\/\/maricatotal.com.br\/site\/wp-json\/wp\/v2\/media?parent=35752"}],"wp:term":[{"taxonomy":"category","embeddable":true,"href":"https:\/\/maricatotal.com.br\/site\/wp-json\/wp\/v2\/categories?post=35752"},{"taxonomy":"post_tag","embeddable":true,"href":"https:\/\/maricatotal.com.br\/site\/wp-json\/wp\/v2\/tags?post=35752"}],"curies":[{"name":"wp","href":"https:\/\/api.w.org\/{rel}","templated":true}]}}