{"id":35996,"date":"2022-04-06T07:11:32","date_gmt":"2022-04-06T10:11:32","guid":{"rendered":"https:\/\/maricatotal.com.br\/site\/?p=35996"},"modified":"2022-04-06T07:11:37","modified_gmt":"2022-04-06T10:11:37","slug":"marica-prefeitura-inicia-oficina-de-producao-de-trufas-e-ovos-de-pascoa","status":"publish","type":"post","link":"https:\/\/maricatotal.com.br\/site\/2022\/04\/06\/marica-prefeitura-inicia-oficina-de-producao-de-trufas-e-ovos-de-pascoa\/","title":{"rendered":"Maric\u00e1: Prefeitura inicia oficina de produ\u00e7\u00e3o de trufas e ovos de P\u00e1scoa"},"content":{"rendered":"\n<p>A Prefeitura de Maric\u00e1, por meio da Secretaria de Pol\u00edticas Inclusivas, em conjunto com a ONG Contato, iniciou na segunda-feira (04\/04) a oficina de produ\u00e7\u00e3o de ovos e trufas de chocolate para pessoas com defici\u00eancia e seus familiares, que buscam capacita\u00e7\u00e3o profissional e a possibilidade de obter uma renda extra na P\u00e1scoa.<\/p>\n\n\n\n<p>As aulas acontecem na sede do Centro de Refer\u00eancia em Pol\u00edticas Inclusivas (CRPI), com int\u00e9rprete de libras, acessibilidade e s\u00e3o ministradas pela volunt\u00e1ria Vanessa Pinho, que \u00e9 empreendedora no ramo de confeitaria h\u00e1 sete anos.<\/p>\n\n\n\n<p>\u201c\u00c9 uma oficina que ajuda a agregar valores, conhecimento e interatividade entre pessoas com defici\u00eancia e seus familiares. Uma oficina que estimula a produ\u00e7\u00e3o, vendas e muito mais\u201d, comentou a secret\u00e1ria de Pol\u00edticas Inclusivas, Sheila Pinto.<\/p>\n\n\n\n<p>Vinte alunos participam das oficinas, pela manh\u00e3 e \u00e0 tarde, aprendendo sobre as t\u00e9cnicas de banho-maria, moldagem dos ovos, manuseio e venda dos produtos, que podem proporcionar uma renda extra durante a P\u00e1scoa.<\/p>\n\n\n\n<p>\u201cEstou achando \u00f3timo poder participar do curso! Meu objetivo \u00e9 fazer para distribuir para as crian\u00e7as carentes da rua onde moro\u201d, comentou Andrea Antunes, 40 anos, moradora do Bairro da Amizade.<\/p>\n\n\n\n<p>Para Ligia Ferreira, acompanhante de Luana Serra, que tem S\u00edndrome de Down, a iniciativa estimula a interatividade, a integra\u00e7\u00e3o e o companheirismo. \u201cAchei \u00f3tima essa oficina para as crian\u00e7as com defici\u00eancia e seus respons\u00e1veis. Tenho certeza que ser\u00e1 \u00f3timo para o desenvolvimento da Luana, que adora ajudar na cozinha!\u201d, comentou ela.<\/p>\n\n\n\n<p><strong>Aulas tamb\u00e9m ser\u00e3o oferecidas pela internet<\/strong><\/p>\n\n\n\n<p>Aline Lima, subgerente do Centro de Refer\u00eancia em Pol\u00edticas Inclusivas (CRPI), explica que o principal objetivo da oficina \u00e9 proporcionar capacita\u00e7\u00e3o profissional a essas pessoas, para inclus\u00e3o no mercado de trabalho e aumento da renda dom\u00e9stica. Segundo ela, o material tamb\u00e9m ser\u00e1 gravado e divulgado on-line.<\/p>\n\n\n\n<p>\u201cTivemos uma procura significativa para a oficina e, por isso, nos organizamos para disponibilizar o conte\u00fado tamb\u00e9m em videoaulas e uma apostila instrutiva para download. Os v\u00eddeos ter\u00e3o tradu\u00e7\u00e3o em Libras e legendas, e os inscritos receber\u00e3o um certificado digital\u201d, disse.<\/p>\n","protected":false},"excerpt":{"rendered":"<p>A Prefeitura de Maric\u00e1, por meio da Secretaria de Pol\u00edticas Inclusivas, em conjunto com a ONG Contato, iniciou na segunda-feira<\/p>\n","protected":false},"author":1,"featured_media":35997,"comment_status":"open","ping_status":"open","sticky":false,"template":"","format":"standard","meta":{"colormag_page_container_layout":"default_layout","colormag_page_sidebar_layout":"default_layout","footnotes":""},"categories":[18],"tags":[],"class_list":["post-35996","post","type-post","status-publish","format-standard","has-post-thumbnail","hentry","category-entretenimento"],"amp_enabled":true,"_links":{"self":[{"href":"https:\/\/maricatotal.com.br\/site\/wp-json\/wp\/v2\/posts\/35996","targetHints":{"allow":["GET"]}}],"collection":[{"href":"https:\/\/maricatotal.com.br\/site\/wp-json\/wp\/v2\/posts"}],"about":[{"href":"https:\/\/maricatotal.com.br\/site\/wp-json\/wp\/v2\/types\/post"}],"author":[{"embeddable":true,"href":"https:\/\/maricatotal.com.br\/site\/wp-json\/wp\/v2\/users\/1"}],"replies":[{"embeddable":true,"href":"https:\/\/maricatotal.com.br\/site\/wp-json\/wp\/v2\/comments?post=35996"}],"version-history":[{"count":1,"href":"https:\/\/maricatotal.com.br\/site\/wp-json\/wp\/v2\/posts\/35996\/revisions"}],"predecessor-version":[{"id":35998,"href":"https:\/\/maricatotal.com.br\/site\/wp-json\/wp\/v2\/posts\/35996\/revisions\/35998"}],"wp:featuredmedia":[{"embeddable":true,"href":"https:\/\/maricatotal.com.br\/site\/wp-json\/wp\/v2\/media\/35997"}],"wp:attachment":[{"href":"https:\/\/maricatotal.com.br\/site\/wp-json\/wp\/v2\/media?parent=35996"}],"wp:term":[{"taxonomy":"category","embeddable":true,"href":"https:\/\/maricatotal.com.br\/site\/wp-json\/wp\/v2\/categories?post=35996"},{"taxonomy":"post_tag","embeddable":true,"href":"https:\/\/maricatotal.com.br\/site\/wp-json\/wp\/v2\/tags?post=35996"}],"curies":[{"name":"wp","href":"https:\/\/api.w.org\/{rel}","templated":true}]}}