{"id":36030,"date":"2022-04-06T17:27:18","date_gmt":"2022-04-06T20:27:18","guid":{"rendered":"https:\/\/maricatotal.com.br\/site\/?p=36030"},"modified":"2022-04-06T17:27:23","modified_gmt":"2022-04-06T20:27:23","slug":"marica-vereadores-votam-projetos-ligados-a-saude","status":"publish","type":"post","link":"https:\/\/maricatotal.com.br\/site\/2022\/04\/06\/marica-vereadores-votam-projetos-ligados-a-saude\/","title":{"rendered":"Maric\u00e1: Vereadores votam projetos ligados \u00e0 sa\u00fade"},"content":{"rendered":"\n<p>Durante a sess\u00e3o ordin\u00e1ria desta quarta-feira (6), os vereadores votaram e aprovaram diversos projetos de lei relacionados \u00e0 sa\u00fade e que buscam mais conscientiza\u00e7\u00e3o e dissemina\u00e7\u00e3o de informa\u00e7\u00f5es sobre a qualidade de vida do maricaense. O primeiro projeto a ser votado \u00e9 de autoria do vereador Hadesh que institui no Calend\u00e1rio Oficial do Munic\u00edpio o Dia da Conscientiza\u00e7\u00e3o contra a Obesidade Infantil a ser comemorado no dia 3 de junho.<\/p>\n\n\n\n<p>Tamb\u00e9m foi votado, em segundo turno, o Projeto de Lei n\u00ba 100\/2018 de autoria do vereador Dr. Richard, que institui a Semana Municipal de Aten\u00e7\u00e3o e contra o L\u00fapus no munic\u00edpio. A data ser\u00e1 comemorada na segunda semana do m\u00eas de maio.&nbsp;Por falar em sa\u00fade, tamb\u00e9m foi votado, em primeiro turno, o Projeto de Lei n\u00ba 216\/2021, de autoria do vereador Netuno, que institui no Calend\u00e1rio Oficial do Munic\u00edpio de Maric\u00e1 o Programa \u201cNovembro Azul\u201d, dedicado \u00e0 preven\u00e7\u00e3o e conscientiza\u00e7\u00e3o do exame de pr\u00f3stata.<\/p>\n\n\n\n<p>Foi votado, em segundo turno, o Projeto de Lei n\u00ba 54\/2022, de autoria do Poder Executivo, que altera a ementa e o art. 1\u00ba, da Lei n\u00ba 3.047, que disp\u00f5e sobre o Conselho Municipal de Educa\u00e7\u00e3o.&nbsp;Os vereadores tamb\u00e9m votaram, em primeiro turno, o Projeto de Lei n\u00ba 272\/2021, de autoria da vereadora Andr\u00e9a Cunha, que inclui no Calend\u00e1rio Oficial de eventos comemorativos do anivers\u00e1rio do Munic\u00edpio de Maric\u00e1 a \u201cGincana Nacional de Pintura\u201d.<\/p>\n\n\n\n<p>Os vereadores votaram tamb\u00e9m o Projeto de Lei que disp\u00f5e sobre a altera\u00e7\u00e3o do anexo I da Lei Complementar n\u00ba 336, de 10\/05\/2021; altera\u00e7\u00e3o do anexo I da lei complementar n\u00ba 321, de 11\/12\/2019; e sobre a revis\u00e3o geral dos servidores p\u00fablicos e agentes pol\u00edticos do munic\u00edpio.<\/p>\n\n\n\n<p><strong>Altera\u00e7\u00f5es de nomes de rua &#8211;<\/strong>&nbsp;Os vereadores votaram o Projeto de Lei n\u00ba 28\/2022 de autoria do vereador Aldair de Linda, que reconhece, denomina e confirma como Rua Nossa Senhora das Merc\u00eas, em Itaipua\u00e7u.&nbsp;Tamb\u00e9m foi votado o PL n\u00ba 263\/2021 de autoria do vereador Hadesh, que nomeia como Rua Marly Vieira Caldeira a atual Rua 86, em Ara\u00e7atiba; o Projeto de Lei n\u00ba 270\/2021, de autoria do vereador Cemar, que disp\u00f5e sobre a nomina\u00e7\u00e3o da Pra\u00e7a Carmelita de Souza, a atual Pra\u00e7a localizada na Avenida Beira Rio, no Parque da Cidade.<\/p>\n\n\n\n<p>Tamb\u00e9m foi votado o Projeto de Lei n\u00ba 274\/2021 de autoria do vereador Danilo Santos, que denomina como nome da Rua Erika Getrud Buschel a atual Rua 82, Loteamento Jardim atl\u00e2ntico Leste, Itaipua\u00e7u; e o &nbsp;Projeto de Lei n\u00ba 151\/2021&nbsp; de autoria do vereador Xandi de Bambu\u00ed, que denomina como &nbsp;Rua Arthur Marcarthur de Souza Teixeira, a atual Rua 125, em Bambu\u00ed.<\/p>\n\n\n\n<p>Os vereadores tamb\u00e9m votaram o PL n\u00ba282\/2021 de autoria do vereador Bambam, que denomina como Rua Nilton Nunes, a atual Rua 9, em &nbsp;Ch\u00e1caras de Ino\u00e3; o Projeto de Lei n\u00ba 304\/2021 de autoria do vereador Felipe Auni, que denomina como Rua Comandante Homero Queiroz da Silva a atual Rua Eug\u00eania Modesto da Silva, antiga Rua \u201cD\u201d, localizada no Parque Eldorado, Centro.<\/p>\n\n\n\n<p>Todas as altera\u00e7\u00f5es de rua foram votadas em primeiro e segundo turnos.<\/p>\n\n\n\n<p><strong>Mo\u00e7\u00f5es \u2013<\/strong>&nbsp;Foram votadas mo\u00e7\u00f5es de aplausos e congratula\u00e7\u00f5es de autoria do vereador Andr\u00e9 Casquinha ao Pr. Tales Siqueira dos Santos; do vereador Marquinho da Juventude para Wanderson Correia do Carmo; do vereador Xandi de Bambui a Rose da Silva Costa.<\/p>\n","protected":false},"excerpt":{"rendered":"<p>Durante a sess\u00e3o ordin\u00e1ria desta quarta-feira (6), os vereadores votaram e aprovaram diversos projetos de lei relacionados \u00e0 sa\u00fade e<\/p>\n","protected":false},"author":1,"featured_media":36031,"comment_status":"open","ping_status":"open","sticky":false,"template":"","format":"standard","meta":{"colormag_page_container_layout":"default_layout","colormag_page_sidebar_layout":"default_layout","footnotes":""},"categories":[17],"tags":[],"class_list":["post-36030","post","type-post","status-publish","format-standard","has-post-thumbnail","hentry","category-politica"],"amp_enabled":true,"_links":{"self":[{"href":"https:\/\/maricatotal.com.br\/site\/wp-json\/wp\/v2\/posts\/36030","targetHints":{"allow":["GET"]}}],"collection":[{"href":"https:\/\/maricatotal.com.br\/site\/wp-json\/wp\/v2\/posts"}],"about":[{"href":"https:\/\/maricatotal.com.br\/site\/wp-json\/wp\/v2\/types\/post"}],"author":[{"embeddable":true,"href":"https:\/\/maricatotal.com.br\/site\/wp-json\/wp\/v2\/users\/1"}],"replies":[{"embeddable":true,"href":"https:\/\/maricatotal.com.br\/site\/wp-json\/wp\/v2\/comments?post=36030"}],"version-history":[{"count":1,"href":"https:\/\/maricatotal.com.br\/site\/wp-json\/wp\/v2\/posts\/36030\/revisions"}],"predecessor-version":[{"id":36033,"href":"https:\/\/maricatotal.com.br\/site\/wp-json\/wp\/v2\/posts\/36030\/revisions\/36033"}],"wp:featuredmedia":[{"embeddable":true,"href":"https:\/\/maricatotal.com.br\/site\/wp-json\/wp\/v2\/media\/36031"}],"wp:attachment":[{"href":"https:\/\/maricatotal.com.br\/site\/wp-json\/wp\/v2\/media?parent=36030"}],"wp:term":[{"taxonomy":"category","embeddable":true,"href":"https:\/\/maricatotal.com.br\/site\/wp-json\/wp\/v2\/categories?post=36030"},{"taxonomy":"post_tag","embeddable":true,"href":"https:\/\/maricatotal.com.br\/site\/wp-json\/wp\/v2\/tags?post=36030"}],"curies":[{"name":"wp","href":"https:\/\/api.w.org\/{rel}","templated":true}]}}