{"id":36039,"date":"2022-04-07T07:08:25","date_gmt":"2022-04-07T10:08:25","guid":{"rendered":"https:\/\/maricatotal.com.br\/site\/?p=36039"},"modified":"2022-04-07T07:08:28","modified_gmt":"2022-04-07T10:08:28","slug":"marica-concentra-vacinacao-contra-a-covid-19-em-polos-distritais","status":"publish","type":"post","link":"https:\/\/maricatotal.com.br\/site\/2022\/04\/07\/marica-concentra-vacinacao-contra-a-covid-19-em-polos-distritais\/","title":{"rendered":"Maric\u00e1 concentra vacina\u00e7\u00e3o contra a Covid-19 em polos distritais\u00a0"},"content":{"rendered":"\n<p>A Prefeitura de Maric\u00e1, por meio da Secretaria Municipal de Sa\u00fade, vai concentrar a vacina\u00e7\u00e3o contra a covid-19 das crian\u00e7as, adolescentes e adultos nos polos distritais da cidade a partir desta quinta-feira (07\/04). A imuniza\u00e7\u00e3o infantil vai ocorrer em quatro polos, das 9h \u00e0s 16h. J\u00e1 na sexta-feira (08\/04), o p\u00fablico acima de 12 anos passa a receber a dose em sete pontos de vacina\u00e7\u00e3o das 9h \u00e0s 16h, al\u00e9m da Unidade M\u00f3vel de Sa\u00fade, que atender\u00e1 a popula\u00e7\u00e3o at\u00e9 17h no Jardim Atl\u00e2ntico, em Itaipua\u00e7u. A medida ocorre para evitar desperd\u00edcios das doses, concentrando a aplica\u00e7\u00e3o da vacina nos locais de maior procura em cada distrito.<\/p>\n\n\n\n<p>\u201cJ\u00e1 estamos com n\u00fameros bem elevados na vacina\u00e7\u00e3o em nossa cidade, inclusive nas crian\u00e7as. Como neste momento a procura est\u00e1 gradualmente diminuindo, decidimos junto \u00e0 parte t\u00e9cnica da imuniza\u00e7\u00e3o redistribuir as unidades que far\u00e3o as vacinas. Vamos centralizar as doses e evitar ao m\u00e1ximo o desperd\u00edcio delas, visto que uma vez aberto o frasco, a aplica\u00e7\u00e3o tem que ser feita o mais r\u00e1pido poss\u00edvel\u201d, explica a subsecret\u00e1ria de Rede de Aten\u00e7\u00e3o Ambulatorial e de Sa\u00fade Coletiva de Maric\u00e1, Claudia Rog\u00e9ria de Lima.<\/p>\n\n\n\n<p>Os polos de vacina\u00e7\u00e3o continuam sendo separados entre o p\u00fablico infantil e pessoas acima de 12 anos, com exce\u00e7\u00e3o da Unidade de Sa\u00fade da Fam\u00edlia (USF) Central que disponibiliza a vacina para todas as faixas et\u00e1rias devido a maior quantidade de equipes e capacidade de atendimento. Os locais ser\u00e3o fixos em todos os distritos da cidade, vacinando a popula\u00e7\u00e3o de segunda a sexta-feira. A divis\u00e3o estrat\u00e9gica segue todas as recomenda\u00e7\u00f5es do Minist\u00e9rio da Sa\u00fade.<\/p>\n\n\n\n<p><strong>Vacina\u00e7\u00e3o de crian\u00e7as<\/strong><\/p>\n\n\n\n<p>Maric\u00e1 j\u00e1 aplicou a primeira dose contra a covid-19 em mais de 11.300 crian\u00e7as, at\u00e9 o \u00faltimo balan\u00e7o divulgado pela Secretaria Municipal de Sa\u00fade no dia 05\/04. O n\u00famero corresponde a cerca de 75% do p\u00fablico estimado para a faixa et\u00e1ria. Com a segunda dose pedi\u00e1trica j\u00e1 s\u00e3o 3.936 crian\u00e7as vacinadas.<\/p>\n\n\n\n<p>O munic\u00edpio segue aplicando a primeira e a segunda dose infantil, com intervalo de 28 dias para CoronaVac e oito semanas para Pfizer pedi\u00e1trica. O respons\u00e1vel legal dever\u00e1 procurar um polo de vacina\u00e7\u00e3o e levar a caderneta de vacina\u00e7\u00e3o, al\u00e9m de um documento de identidade ou certid\u00e3o de nascimento da crian\u00e7a.<\/p>\n\n\n\n<p><strong>Vacina\u00e7\u00e3o de adolescentes e adultos<\/strong><\/p>\n\n\n\n<p>A cidade j\u00e1 alcan\u00e7ou 93,6% da popula\u00e7\u00e3o acima de 12 anos vacinada com as duas doses ou dose \u00fanica, totalizando 132.998 pessoas at\u00e9 o momento. Com a dose de refor\u00e7o, j\u00e1 s\u00e3o mais de 75 mil pessoas acima de 18 anos, o que corresponde a 60% deste p\u00fablico. J\u00e1 a segunda dose de refor\u00e7o j\u00e1 foi aplicada em mais de 600 idosos com 80 anos ou mais.<\/p>\n\n\n\n<p>Al\u00e9m da dose de refor\u00e7o em geral, Maric\u00e1 segue aplicando a segunda dose, com intervalo reduzido para 21 dias na vacina da Pfizer e oito semanas para a AstraZeneca, e repescagem da primeira dose para todos acima de 12 anos.<\/p>\n\n\n\n<p><strong>Polos de vacina\u00e7\u00e3o infantil&nbsp;<\/strong><\/p>\n\n\n\n<p>Segunda a sexta-feira \u2013 das 9h \u00e0s 16h<\/p>\n\n\n\n<p>USF Central \u2013 Rua Cl\u00edmaco Pereira, 241, Centro.<\/p>\n\n\n\n<p>USF Ino\u00e3 II \u2013 Rodovia Amaral Peixoto, km 14, s\/n, (ao lado do DPO).<\/p>\n\n\n\n<p>USF Barroco \u2013 Rua Get\u00falio Vargas (antiga Rua 2), lote 13, quadra 4, casa 2, Itaipua\u00e7u.<\/p>\n\n\n\n<p>USF Bambu\u00ed \u2013 Av. do Contorno, s\/n.<\/p>\n\n\n\n<p><strong>Polos de vacina\u00e7\u00e3o de adolescentes e adultos<\/strong><\/p>\n\n\n\n<p>Segunda a sexta-feira, das 9h \u00e0s 17h<\/p>\n\n\n\n<p>Unidade M\u00f3vel da Sa\u00fade: Rua Trinta e Seis, lote 01, quadra 206, Jardim Atl\u00e2ntico (pr\u00f3ximo da Unidade de Sa\u00fade da Fam\u00edlia Jardim Atl\u00e2ntico).<\/p>\n\n\n\n<p>Segunda a sexta-feira \u2013 das 9h \u00e0s 16h<\/p>\n\n\n\n<p>USF Central \u2013 Rua Cl\u00edmaco Pereira, 241, Centro.<\/p>\n\n\n\n<p>USF Santa Paula- Estrada de Cassorotiba, s\/n.<\/p>\n\n\n\n<p>USF S\u00e3o Jos\u00e9 2- Estrada da Cachoeira, s\/n<\/p>\n\n\n\n<p>USF Ch\u00e1cara de Ino\u00e3- Rodovia Amaral Peixoto, km 16. (ao lado do Polo Mania), Ino\u00e3.<\/p>\n\n\n\n<p>USF Ponta Grossa \u2013 Rua Irineu Ferreira Pinto, s\/n.<\/p>\n\n\n\n<p>USF Ubatiba \u2013 Avenida Niter\u00f3i, s\/n.<\/p>\n\n\n\n<p>USF Marinel\u00e2ndia- Rua Nove, Quadra 15, Cordeirinho.<\/p>\n","protected":false},"excerpt":{"rendered":"<p>A Prefeitura de Maric\u00e1, por meio da Secretaria Municipal de Sa\u00fade, vai concentrar a vacina\u00e7\u00e3o contra a covid-19 das crian\u00e7as,<\/p>\n","protected":false},"author":1,"featured_media":36041,"comment_status":"open","ping_status":"open","sticky":false,"template":"","format":"standard","meta":{"colormag_page_container_layout":"default_layout","colormag_page_sidebar_layout":"default_layout","footnotes":""},"categories":[14],"tags":[],"class_list":["post-36039","post","type-post","status-publish","format-standard","has-post-thumbnail","hentry","category-bairros"],"amp_enabled":true,"_links":{"self":[{"href":"https:\/\/maricatotal.com.br\/site\/wp-json\/wp\/v2\/posts\/36039","targetHints":{"allow":["GET"]}}],"collection":[{"href":"https:\/\/maricatotal.com.br\/site\/wp-json\/wp\/v2\/posts"}],"about":[{"href":"https:\/\/maricatotal.com.br\/site\/wp-json\/wp\/v2\/types\/post"}],"author":[{"embeddable":true,"href":"https:\/\/maricatotal.com.br\/site\/wp-json\/wp\/v2\/users\/1"}],"replies":[{"embeddable":true,"href":"https:\/\/maricatotal.com.br\/site\/wp-json\/wp\/v2\/comments?post=36039"}],"version-history":[{"count":1,"href":"https:\/\/maricatotal.com.br\/site\/wp-json\/wp\/v2\/posts\/36039\/revisions"}],"predecessor-version":[{"id":36042,"href":"https:\/\/maricatotal.com.br\/site\/wp-json\/wp\/v2\/posts\/36039\/revisions\/36042"}],"wp:featuredmedia":[{"embeddable":true,"href":"https:\/\/maricatotal.com.br\/site\/wp-json\/wp\/v2\/media\/36041"}],"wp:attachment":[{"href":"https:\/\/maricatotal.com.br\/site\/wp-json\/wp\/v2\/media?parent=36039"}],"wp:term":[{"taxonomy":"category","embeddable":true,"href":"https:\/\/maricatotal.com.br\/site\/wp-json\/wp\/v2\/categories?post=36039"},{"taxonomy":"post_tag","embeddable":true,"href":"https:\/\/maricatotal.com.br\/site\/wp-json\/wp\/v2\/tags?post=36039"}],"curies":[{"name":"wp","href":"https:\/\/api.w.org\/{rel}","templated":true}]}}