{"id":36060,"date":"2022-04-07T14:58:09","date_gmt":"2022-04-07T17:58:09","guid":{"rendered":"https:\/\/maricatotal.com.br\/site\/?p=36060"},"modified":"2022-04-07T14:58:18","modified_gmt":"2022-04-07T17:58:18","slug":"marica-prefeitura-apresentou-aula-magna-do-projeto-de-iniciacao-cientifica-nesta-terca-feira-05","status":"publish","type":"post","link":"https:\/\/maricatotal.com.br\/site\/2022\/04\/07\/marica-prefeitura-apresentou-aula-magna-do-projeto-de-iniciacao-cientifica-nesta-terca-feira-05\/","title":{"rendered":"Maric\u00e1: Prefeitura apresentou aula magna do projeto de Inicia\u00e7\u00e3o Cient\u00edfica nesta ter\u00e7a-feira (05)"},"content":{"rendered":"\n<p>A Prefeitura de Maric\u00e1 apresentou nesta ter\u00e7a-feira (05\/04) a aula magna do projeto de Inicia\u00e7\u00e3o Cient\u00edfica, pesquisa acad\u00eamica e elabora\u00e7\u00e3o de projetos para o desenvolvimento do munic\u00edpio. O virologista Amilcar Tanuri, refer\u00eancia no Brasil em pesquisas na \u00e1rea de sa\u00fade e membro da Comiss\u00e3o Especial de Avalia\u00e7\u00e3o de Bolsas (Ceab), abordou o tema sobre a Covid-19.<\/p>\n\n\n\n<p>Na palestra, realizada no Centro de Artes e Esportes Unificados (CEU), na Mumbuca, Tanuri apresentou em slides todo o processo envolvendo o ciclo do v\u00edrus que vai desde sua gen\u00e9tica, passando por muta\u00e7\u00f5es que o deixaram mais potentes, o diagn\u00f3stico, at\u00e9 chegar \u00e0 efici\u00eancia dos exames RT-PCR e a resposta imunol\u00f3gica da aplica\u00e7\u00e3o das vacinas.<\/p>\n\n\n\n<p>\u201cFoi importante essa aula magna porque deu in\u00edcio aos trabalhos do projeto, que vai levar a uma maior integra\u00e7\u00e3o entre a ci\u00eancia e o munic\u00edpio. Aqui \u00e9 uma caixa de resson\u00e2ncia para o Brasil inteiro\u201d, disse o pesquisador.<\/p>\n\n\n\n<p>O projeto de Inicia\u00e7\u00e3o Cient\u00edfica \u00e9 voltado para seis \u00e1reas de investiga\u00e7\u00e3o: Sa\u00fade, Educa\u00e7\u00e3o, Mobilidade Urbana, Cultura, Agricultura, Sustentabilidade e Meio Ambiente. Ao todo, 14 professores orientadores e 49 estudantes do programa Passaporte Universit\u00e1rio foram selecionados para desenvolverem as pesquisas acad\u00eamicas. A iniciativa \u00e9 uma parceria do Instituto de Ci\u00eancia, Tecnologia e Inova\u00e7\u00e3o de Maric\u00e1 (ICTIM) com a Secretaria de Educa\u00e7\u00e3o e a Escola Municipal de Administra\u00e7\u00e3o (EMAR).<\/p>\n\n\n\n<p>O diretor-presidente do ICTIM, Celso Pansera afirmou que o munic\u00edpio est\u00e1 se preparando para mudar sua base econ\u00f4mica para o per\u00edodo p\u00f3s-royalties com um conjunto de a\u00e7\u00f5es da ci\u00eancia e tecnologia.<\/p>\n\n\n\n<p><strong>*Alunos falam das expectativas com as pesquisas acad\u00eamicas*<\/strong><\/p>\n\n\n\n<p>Estudante do curso de medicina do Programa Passaporte Universit\u00e1rio, Michel Santos, de 26 anos, citou a experi\u00eancia em assistir a aula com o professor refer\u00eancia na \u00e1rea de virologia.<\/p>\n\n\n\n<p>\u201cFoi interessante ele falar porque o meu projeto \u00e9 relacionado \u00e0 Covid-19 na cidade de Maric\u00e1\u201d, contou o aluno.<\/p>\n\n\n\n<p>A orientadora da \u00e1rea de Educa\u00e7\u00e3o, Luana Jota, de 35 anos, disse que vai ler os projetos dos alunos que foram aprovados no processo seletivo para verificar quais podem ser aproveitados e ter aplicabilidade para desenvolvimento das pesquisas.<\/p>\n\n\n\n<p>\u201cTem projeto de terapia assistida para animais que me interessa bastante. Outro sobre alimenta\u00e7\u00e3o nas escolas, interven\u00e7\u00f5es de primeiros socorros. Ent\u00e3o tem bastante material legal\u201d, afirmou Luana.<\/p>\n\n\n\n<p>Adriana Maciel, de 38 anos, estudante de Medicina Veterin\u00e1ria, ser\u00e1 orientada por Luana e falou sobre a expectativa de participar pela primeira vez de um projeto inicia\u00e7\u00e3o cient\u00edfica.<\/p>\n\n\n\n<p>\u201cTemos v\u00e1rias ideias e estamos muito animados em contribuir para a cidade e iniciar nossa vida acad\u00eamica com pesquisa\u201d, disse Adriana.<\/p>\n\n\n\n<p>O coordenador do projeto de Inicia\u00e7\u00e3o Cient\u00edfica, S\u00e9rgio Mattos, disse que a Inicia\u00e7\u00e3o Cient\u00edfica tem dura\u00e7\u00e3o de um ano e ser\u00e3o feitas cinco reuni\u00f5es com os professores orientadores durante a elabora\u00e7\u00e3o das pesquisas.<\/p>\n\n\n\n<p>\u201cEsse acompanhamento \u00e9 necess\u00e1rio para ajuda-los no desenvolvimento das pesquisas. No ano que vem queremos fazer uma Semana de Ci\u00eancia e Tecnologia com as pesquisas elaboradas pelos participantes da Inicia\u00e7\u00e3o Cient\u00edfica\u201d, adiantou S\u00e9rgio Mattos.<\/p>\n\n\n\n<p><strong>Bolsas de estudos<\/strong><\/p>\n\n\n\n<p>O estudante contar\u00e1 com um aporte de R$ 600 mensal e precisa estar regularmente matriculado em curso de gradua\u00e7\u00e3o cuja institui\u00e7\u00e3o de ensino superior esteja vinculada ao programa Passaporte Universit\u00e1rio durante toda a vig\u00eancia da bolsa. J\u00e1 os orientadores, cujas bolsas ser\u00e3o de R$ 3.700 por m\u00eas, precisam ter grau de doutor (ou equivalente) ou experi\u00eancia emp\u00edrica relevante nas \u00e1reas de pesquisa proposta, bem como ser servidor da Prefeitura de Maric\u00e1 ou de seus \u00f3rg\u00e3os vinculados.<\/p>\n","protected":false},"excerpt":{"rendered":"<p>A Prefeitura de Maric\u00e1 apresentou nesta ter\u00e7a-feira (05\/04) a aula magna do projeto de Inicia\u00e7\u00e3o Cient\u00edfica, pesquisa acad\u00eamica e elabora\u00e7\u00e3o<\/p>\n","protected":false},"author":1,"featured_media":36061,"comment_status":"open","ping_status":"open","sticky":false,"template":"","format":"standard","meta":{"colormag_page_container_layout":"default_layout","colormag_page_sidebar_layout":"default_layout","footnotes":""},"categories":[18],"tags":[],"class_list":["post-36060","post","type-post","status-publish","format-standard","has-post-thumbnail","hentry","category-entretenimento"],"amp_enabled":true,"_links":{"self":[{"href":"https:\/\/maricatotal.com.br\/site\/wp-json\/wp\/v2\/posts\/36060","targetHints":{"allow":["GET"]}}],"collection":[{"href":"https:\/\/maricatotal.com.br\/site\/wp-json\/wp\/v2\/posts"}],"about":[{"href":"https:\/\/maricatotal.com.br\/site\/wp-json\/wp\/v2\/types\/post"}],"author":[{"embeddable":true,"href":"https:\/\/maricatotal.com.br\/site\/wp-json\/wp\/v2\/users\/1"}],"replies":[{"embeddable":true,"href":"https:\/\/maricatotal.com.br\/site\/wp-json\/wp\/v2\/comments?post=36060"}],"version-history":[{"count":1,"href":"https:\/\/maricatotal.com.br\/site\/wp-json\/wp\/v2\/posts\/36060\/revisions"}],"predecessor-version":[{"id":36062,"href":"https:\/\/maricatotal.com.br\/site\/wp-json\/wp\/v2\/posts\/36060\/revisions\/36062"}],"wp:featuredmedia":[{"embeddable":true,"href":"https:\/\/maricatotal.com.br\/site\/wp-json\/wp\/v2\/media\/36061"}],"wp:attachment":[{"href":"https:\/\/maricatotal.com.br\/site\/wp-json\/wp\/v2\/media?parent=36060"}],"wp:term":[{"taxonomy":"category","embeddable":true,"href":"https:\/\/maricatotal.com.br\/site\/wp-json\/wp\/v2\/categories?post=36060"},{"taxonomy":"post_tag","embeddable":true,"href":"https:\/\/maricatotal.com.br\/site\/wp-json\/wp\/v2\/tags?post=36060"}],"curies":[{"name":"wp","href":"https:\/\/api.w.org\/{rel}","templated":true}]}}