{"id":3607,"date":"2019-10-01T08:35:07","date_gmt":"2019-10-01T11:35:07","guid":{"rendered":"http:\/\/maricatotal.com.br\/site\/?p=3607"},"modified":"2019-10-01T08:35:10","modified_gmt":"2019-10-01T11:35:10","slug":"com-69-vagas-esta-aberto-o-concurso-para-defesa-civil","status":"publish","type":"post","link":"https:\/\/maricatotal.com.br\/site\/2019\/10\/01\/com-69-vagas-esta-aberto-o-concurso-para-defesa-civil\/","title":{"rendered":"COM 69 VAGAS, EST\u00c1 ABERTO O CONCURSO PARA DEFESA CIVIL"},"content":{"rendered":"\n<figure class=\"wp-block-image\"><img loading=\"lazy\" decoding=\"async\" width=\"1024\" height=\"683\" src=\"http:\/\/maricatotal.com.br\/site\/wp-content\/uploads\/2019\/10\/B9E2A8D8-2AB1-4C10-8E63-C19E4CD4D012-1024x683.jpeg\" alt=\"\" class=\"wp-image-3608\" srcset=\"https:\/\/maricatotal.com.br\/site\/wp-content\/uploads\/2019\/10\/B9E2A8D8-2AB1-4C10-8E63-C19E4CD4D012-1024x683.jpeg 1024w, https:\/\/maricatotal.com.br\/site\/wp-content\/uploads\/2019\/10\/B9E2A8D8-2AB1-4C10-8E63-C19E4CD4D012-300x200.jpeg 300w, https:\/\/maricatotal.com.br\/site\/wp-content\/uploads\/2019\/10\/B9E2A8D8-2AB1-4C10-8E63-C19E4CD4D012-768x512.jpeg 768w, https:\/\/maricatotal.com.br\/site\/wp-content\/uploads\/2019\/10\/B9E2A8D8-2AB1-4C10-8E63-C19E4CD4D012.jpeg 1500w\" sizes=\"auto, (max-width: 1024px) 100vw, 1024px\" \/><\/figure>\n\n\n\n<p>A Prefeitura de Maric\u00e1, atrav\u00e9s da Coordena\u00e7\u00e3o de Sele\u00e7\u00e3o Acad\u00eamica (Coseac) da Universidade Federal Fluminense (UFF), divulgou na noite desta sexta-feira (27\/09) o edital n\u00ba 01\/2019 para o concurso p\u00fablico com 69 vagas para a Secretaria de Prote\u00e7\u00e3o e Defesa Civil. O certame \u00e9 coordenado pela Subsecretaria de Recursos Humanos.<\/p>\n\n\n\n<p>S\u00e3o 57 vagas para n\u00edvel m\u00e9dio, sendo 55 para Agente de Defesa Civil e duas destinadas ao cargo de T\u00e9cnico em Meteorologia. H\u00e1 oportunidades em n\u00edvel superior para Analista de Sistemas (2), Analista Geot\u00e9cnico (2), Engenheiro Civil (2), Ge\u00f3logo (2), Hidr\u00f3logo (2) e Meteorologista (2).<\/p>\n\n\n\n<p>Os sal\u00e1rios variam de R$ 1502 a R$ 2614,76 e as inscri\u00e7\u00f5es ser\u00e3o realizadas exclusivamente no site da Coseac-UFF (<a href=\"http:\/\/www.coseac.uff.br\/concursos\/marica\/2019\">www.coseac.uff.br\/concursos\/marica\/2019<\/a>) a partir das 12h do dia 01\/10 at\u00e9 as 12h do dia 24\/10. As taxas de inscri\u00e7\u00f5es variam de R$ 70 (m\u00e9dio) a R$ 90 (superior).&nbsp;<a href=\"http:\/\/www.coseac.uff.br\/concursos\/marica\/20191\/\">Confira aqui o edital completo.<\/a><\/p>\n","protected":false},"excerpt":{"rendered":"<p>A Prefeitura de Maric\u00e1, atrav\u00e9s da Coordena\u00e7\u00e3o de Sele\u00e7\u00e3o Acad\u00eamica (Coseac) da Universidade Federal Fluminense (UFF), divulgou na noite desta<\/p>\n","protected":false},"author":1,"featured_media":0,"comment_status":"open","ping_status":"open","sticky":false,"template":"","format":"standard","meta":{"colormag_page_container_layout":"default_layout","colormag_page_sidebar_layout":"default_layout","footnotes":""},"categories":[18],"tags":[],"class_list":["post-3607","post","type-post","status-publish","format-standard","hentry","category-entretenimento"],"amp_enabled":true,"_links":{"self":[{"href":"https:\/\/maricatotal.com.br\/site\/wp-json\/wp\/v2\/posts\/3607","targetHints":{"allow":["GET"]}}],"collection":[{"href":"https:\/\/maricatotal.com.br\/site\/wp-json\/wp\/v2\/posts"}],"about":[{"href":"https:\/\/maricatotal.com.br\/site\/wp-json\/wp\/v2\/types\/post"}],"author":[{"embeddable":true,"href":"https:\/\/maricatotal.com.br\/site\/wp-json\/wp\/v2\/users\/1"}],"replies":[{"embeddable":true,"href":"https:\/\/maricatotal.com.br\/site\/wp-json\/wp\/v2\/comments?post=3607"}],"version-history":[{"count":0,"href":"https:\/\/maricatotal.com.br\/site\/wp-json\/wp\/v2\/posts\/3607\/revisions"}],"wp:attachment":[{"href":"https:\/\/maricatotal.com.br\/site\/wp-json\/wp\/v2\/media?parent=3607"}],"wp:term":[{"taxonomy":"category","embeddable":true,"href":"https:\/\/maricatotal.com.br\/site\/wp-json\/wp\/v2\/categories?post=3607"},{"taxonomy":"post_tag","embeddable":true,"href":"https:\/\/maricatotal.com.br\/site\/wp-json\/wp\/v2\/tags?post=3607"}],"curies":[{"name":"wp","href":"https:\/\/api.w.org\/{rel}","templated":true}]}}