{"id":36187,"date":"2022-04-12T07:46:26","date_gmt":"2022-04-12T10:46:26","guid":{"rendered":"https:\/\/maricatotal.com.br\/site\/?p=36187"},"modified":"2022-04-12T07:46:31","modified_gmt":"2022-04-12T10:46:31","slug":"marica-prefeitura-decreta-pontos-facultativos-nos-dias-14-20-e-22-de-abril","status":"publish","type":"post","link":"https:\/\/maricatotal.com.br\/site\/2022\/04\/12\/marica-prefeitura-decreta-pontos-facultativos-nos-dias-14-20-e-22-de-abril\/","title":{"rendered":"Maric\u00e1: Prefeitura decreta pontos facultativos nos dias 14, 20 e 22 de abril"},"content":{"rendered":"\n<p>A Prefeitura de Maric\u00e1 decretou pontos facultativos nas reparti\u00e7\u00f5es p\u00fablicas municipais nos dias 14, 20 e 22 de abril por conta dos feriados da Sexta-feira da Paix\u00e3o (15\/04), Tiradentes (quinta-feira, 21\/04) e S\u00e3o Jorge (s\u00e1bado, 23\/04), seguindo a publica\u00e7\u00e3o do governo estadual. <\/p>\n\n\n\n<p>O decreto n\u00ba 842 de 8 de abril de 2022, assinado pelo prefeito Fabiano Horta, foi publicado na edi\u00e7\u00e3o desta segunda-feira (11\/04) do Jornal Oficial de Maric\u00e1\u00a0<a href=\"https:\/\/www.marica.rj.gov.br\/2022\/04\/11\/jom-1297\/\">(JOM)<\/a>.<\/p>\n\n\n\n<p>O expediente ser\u00e1 normal, entretanto, sob a responsabilidade dos respectivos chefes nas reparti\u00e7\u00f5es p\u00fablicas cujas atividades n\u00e3o possam ser suspensas, em virtude de exig\u00eancias t\u00e9cnicas ou por motivo de interesse p\u00fablico. Entre os servi\u00e7os essenciais est\u00e3o os hospitais municipais Conde Modesto Leal (Centro) e Dr. Ernesto Che Guevara (S\u00e3o Jos\u00e9 do Imbassa\u00ed), a Unidade de Pronto Atendimento (UPA) de Ino\u00e3 e o Posto de Sa\u00fade Santa Rita 24 Horas (Itaipua\u00e7u), al\u00e9m dos plant\u00f5es 24h da Defesa Civil, da Guarda Municipal e os servi\u00e7os de coleta de lixo.<\/p>\n","protected":false},"excerpt":{"rendered":"<p>A Prefeitura de Maric\u00e1 decretou pontos facultativos nas reparti\u00e7\u00f5es p\u00fablicas municipais nos dias 14, 20 e 22 de abril por<\/p>\n","protected":false},"author":1,"featured_media":36189,"comment_status":"open","ping_status":"open","sticky":false,"template":"","format":"standard","meta":{"colormag_page_container_layout":"default_layout","colormag_page_sidebar_layout":"default_layout","footnotes":""},"categories":[17],"tags":[],"class_list":["post-36187","post","type-post","status-publish","format-standard","has-post-thumbnail","hentry","category-politica"],"amp_enabled":true,"_links":{"self":[{"href":"https:\/\/maricatotal.com.br\/site\/wp-json\/wp\/v2\/posts\/36187","targetHints":{"allow":["GET"]}}],"collection":[{"href":"https:\/\/maricatotal.com.br\/site\/wp-json\/wp\/v2\/posts"}],"about":[{"href":"https:\/\/maricatotal.com.br\/site\/wp-json\/wp\/v2\/types\/post"}],"author":[{"embeddable":true,"href":"https:\/\/maricatotal.com.br\/site\/wp-json\/wp\/v2\/users\/1"}],"replies":[{"embeddable":true,"href":"https:\/\/maricatotal.com.br\/site\/wp-json\/wp\/v2\/comments?post=36187"}],"version-history":[{"count":1,"href":"https:\/\/maricatotal.com.br\/site\/wp-json\/wp\/v2\/posts\/36187\/revisions"}],"predecessor-version":[{"id":36190,"href":"https:\/\/maricatotal.com.br\/site\/wp-json\/wp\/v2\/posts\/36187\/revisions\/36190"}],"wp:featuredmedia":[{"embeddable":true,"href":"https:\/\/maricatotal.com.br\/site\/wp-json\/wp\/v2\/media\/36189"}],"wp:attachment":[{"href":"https:\/\/maricatotal.com.br\/site\/wp-json\/wp\/v2\/media?parent=36187"}],"wp:term":[{"taxonomy":"category","embeddable":true,"href":"https:\/\/maricatotal.com.br\/site\/wp-json\/wp\/v2\/categories?post=36187"},{"taxonomy":"post_tag","embeddable":true,"href":"https:\/\/maricatotal.com.br\/site\/wp-json\/wp\/v2\/tags?post=36187"}],"curies":[{"name":"wp","href":"https:\/\/api.w.org\/{rel}","templated":true}]}}