{"id":36364,"date":"2022-04-18T11:38:27","date_gmt":"2022-04-18T14:38:27","guid":{"rendered":"https:\/\/maricatotal.com.br\/site\/?p=36364"},"modified":"2022-04-18T11:38:28","modified_gmt":"2022-04-18T14:38:28","slug":"prefeitura-realiza-festival-pedacinho-do-ceu-na-lagoa-de-aracatiba","status":"publish","type":"post","link":"https:\/\/maricatotal.com.br\/site\/2022\/04\/18\/prefeitura-realiza-festival-pedacinho-do-ceu-na-lagoa-de-aracatiba\/","title":{"rendered":"Prefeitura realiza festival Pedacinho do C\u00e9u na Lagoa de Ara\u00e7atiba"},"content":{"rendered":"\n<p>A Prefeitura de Maric\u00e1 vai promover o festival \u201cPedacinho do C\u00e9u \u2013 M\u00fasica flutuante na Lagoa\u201d, no pr\u00f3ximo feriado prolongado, de 20 a 24\/04, a partir das 14h, em uma in\u00e9dita plataforma flutuante montada em frente ao Deck P\u00f4r do Sol, no final da lagoa de Ara\u00e7atiba. O p\u00fablico vai se divertir ao som de chorinho, samba, pagode e MPB, com espa\u00e7o de gastronomia, venda de artesanato, local adequado para crian\u00e7as, entre outras atra\u00e7\u00f5es imperd\u00edveis.<\/p>\n\n\n\n<p>O evento \u00e9 organizado pela Companhia de Desenvolvimento de Maric\u00e1 (Codemar), em parceria com as secretarias de Promo\u00e7\u00e3o e Projetos Especiais e Turismo, e inspirado no p\u00f4r do sol da Praia de Jacar\u00e9, em Jo\u00e3o Pessoa, na Para\u00edba, considerado por muitos turistas um dos mais belos pores do sol do Brasil.<\/p>\n\n\n\n<p>\u201cMaric\u00e1 \u00e9 a cidade das lagoas paradis\u00edacas e nada melhor que um evento desse porte, em um lugar encantador como esse, de onde poderemos assistir a um bel\u00edssimo p\u00f4r do sol, enquanto ouvimos m\u00fasica boa. Sejam todos bem-vindos a nossa querida Maric\u00e1!\u201d, disse o presidente da Codemar, Olavo Noleto.<\/p>\n\n\n\n<p>Para o secret\u00e1rio de Promo\u00e7\u00e3o e Projetos Especiais, Jos\u00e9 Alexandre Almeida, os feriados de Tiradentes e S\u00e3o Jorge n\u00e3o poderiam receber programa\u00e7\u00e3o melhor: \u201cQueremos evidenciar o nosso valoroso p\u00f4r do sol de Ara\u00e7atiba, com cultura e entretenimento de qualidade, em um espa\u00e7o agrad\u00e1vel e seguro para toda a fam\u00edlia\u201d, disse.<\/p>\n\n\n\n<p><strong>Atra\u00e7\u00f5es musicais para todos os gostos<\/strong><\/p>\n\n\n\n<p>Ao longo dos cinco dias, v\u00e1rios cantores e grupos musicais v\u00e3o animar o p\u00fablico durante o festival, iniciando as apresenta\u00e7\u00f5es \u00e0s 18h de quarta (20\/04) com o lan\u00e7amento dos clipes Pratas da Casa, projeto da Secretaria de Turismo que incentiva os artistas locais.&nbsp; \u00c0s 19h, Marianna Cunha faz seu show. J\u00e1 na quinta, \u00e9 dia de Jorginho Doug, \u00e0s 19h.&nbsp; De sexta a domingo, a Banda Pedacinho do C\u00e9u abre o palco \u00e0s 17h. Jeef se apresenta na sexta, Grupo Kontagi\u00f4 no s\u00e1bado e Grupo Vai e Volta no domingo, sempre \u00e0s 19h.<\/p>\n\n\n\n<p><strong>Confira a programa\u00e7\u00e3o:<\/strong><\/p>\n\n\n\n<p><strong>Quarta-feira \u2013 20\/04<\/strong><\/p>\n\n\n\n<p>18h \u2013 Lan\u00e7amento dos clipes Pratas da Casa<\/p>\n\n\n\n<p>19h \u2013 Marianna Cunha<\/p>\n\n\n\n<p><strong>Quinta-feira \u2013 21\/04<\/strong><\/p>\n\n\n\n<p>19h \u2013 Jorginho Doug<\/p>\n\n\n\n<p><strong>Sexta-feira \u2013 22\/04<\/strong><\/p>\n\n\n\n<p>17h \u2013 Banda Pedacinho do C\u00e9u<\/p>\n\n\n\n<p>19h \u2013 Jeef<\/p>\n\n\n\n<p><strong>S\u00e1bado \u2013 23\/04<\/strong><\/p>\n\n\n\n<p>17h \u2013 Banda Pedacinho do C\u00e9u<\/p>\n\n\n\n<p>19h \u2013 Kontagi\u00f4<\/p>\n\n\n\n<p><strong>Domingo \u2013 24\/04<\/strong><\/p>\n\n\n\n<p>17h \u2013 Banda Pedacinho do C\u00e9u<\/p>\n\n\n\n<p>19h \u2013 Grupo Vai e Volta<\/p>\n","protected":false},"excerpt":{"rendered":"<p>A Prefeitura de Maric\u00e1 vai promover o festival \u201cPedacinho do C\u00e9u \u2013 M\u00fasica flutuante na Lagoa\u201d, no pr\u00f3ximo feriado prolongado,<\/p>\n","protected":false},"author":1,"featured_media":36365,"comment_status":"open","ping_status":"open","sticky":false,"template":"","format":"standard","meta":{"colormag_page_container_layout":"default_layout","colormag_page_sidebar_layout":"default_layout","footnotes":""},"categories":[14],"tags":[],"class_list":["post-36364","post","type-post","status-publish","format-standard","has-post-thumbnail","hentry","category-bairros"],"amp_enabled":true,"_links":{"self":[{"href":"https:\/\/maricatotal.com.br\/site\/wp-json\/wp\/v2\/posts\/36364","targetHints":{"allow":["GET"]}}],"collection":[{"href":"https:\/\/maricatotal.com.br\/site\/wp-json\/wp\/v2\/posts"}],"about":[{"href":"https:\/\/maricatotal.com.br\/site\/wp-json\/wp\/v2\/types\/post"}],"author":[{"embeddable":true,"href":"https:\/\/maricatotal.com.br\/site\/wp-json\/wp\/v2\/users\/1"}],"replies":[{"embeddable":true,"href":"https:\/\/maricatotal.com.br\/site\/wp-json\/wp\/v2\/comments?post=36364"}],"version-history":[{"count":1,"href":"https:\/\/maricatotal.com.br\/site\/wp-json\/wp\/v2\/posts\/36364\/revisions"}],"predecessor-version":[{"id":36366,"href":"https:\/\/maricatotal.com.br\/site\/wp-json\/wp\/v2\/posts\/36364\/revisions\/36366"}],"wp:featuredmedia":[{"embeddable":true,"href":"https:\/\/maricatotal.com.br\/site\/wp-json\/wp\/v2\/media\/36365"}],"wp:attachment":[{"href":"https:\/\/maricatotal.com.br\/site\/wp-json\/wp\/v2\/media?parent=36364"}],"wp:term":[{"taxonomy":"category","embeddable":true,"href":"https:\/\/maricatotal.com.br\/site\/wp-json\/wp\/v2\/categories?post=36364"},{"taxonomy":"post_tag","embeddable":true,"href":"https:\/\/maricatotal.com.br\/site\/wp-json\/wp\/v2\/tags?post=36364"}],"curies":[{"name":"wp","href":"https:\/\/api.w.org\/{rel}","templated":true}]}}