{"id":36406,"date":"2022-04-19T11:13:24","date_gmt":"2022-04-19T14:13:24","guid":{"rendered":"https:\/\/maricatotal.com.br\/site\/?p=36406"},"modified":"2022-04-19T11:13:25","modified_gmt":"2022-04-19T14:13:25","slug":"prefeitura-inicia-dia-25-04-a-terceira-fase-da-pesquisa-sentinela-marica-sobre-a-covid-19","status":"publish","type":"post","link":"https:\/\/maricatotal.com.br\/site\/2022\/04\/19\/prefeitura-inicia-dia-25-04-a-terceira-fase-da-pesquisa-sentinela-marica-sobre-a-covid-19\/","title":{"rendered":"Prefeitura inicia dia 25\/04 a terceira fase da pesquisa Sentinela Maric\u00e1 sobre a Covid-19\u00a0"},"content":{"rendered":"\n<p>A Prefeitura de Maric\u00e1 inicia na pr\u00f3xima segunda-feira (25\/04) a terceira etapa da Pesquisa Sentinela sobre a Covid-19. As primeiras fases ajudaram a mapear a a\u00e7\u00e3o do novo coronav\u00edrus no munic\u00edpio durante a pandemia. Agora, ser\u00e3o analisadas as sequelas da doen\u00e7a na popula\u00e7\u00e3o e, al\u00e9m disso, os estudos ampliar\u00e3o para testagem da Influenza A e B. A terceira etapa da pesquisa contar\u00e1 com tr\u00eas ciclos de testagem, que ir\u00e3o de abril a junho com intervalo de 30 dias cada, totalizando 1.155 mun\u00edcipes testados.<\/p>\n\n\n\n<p>O projeto \u00e9 uma parceria da Secretaria de Sa\u00fade com o Instituto de Ci\u00eancia, Tecnologia e Inova\u00e7\u00e3o de Maric\u00e1 (ICTIM). Nas visitas, s\u00e3o realizados exames PCR (swab nasofar\u00edngeo) e sorol\u00f3gico (coleta de sangue). As equipes s\u00e3o compostas por um agente social (entrevistador do Comit\u00ea de Defesa dos Bairros), um coletor (t\u00e9cnico\/profissional da sa\u00fade que realizar\u00e1 os exames), um agente comunit\u00e1rio de sa\u00fade e um motorista.<\/p>\n\n\n\n<p>\u201cDesde o in\u00edcio, Maric\u00e1 demonstrou uma capacidade de sair na frente combatendo a Covid-19, por isso que hoje h\u00e1 uma flexibiliza\u00e7\u00e3o do uso das m\u00e1scaras, conseguindo assim reduzir o n\u00famero de casos no munic\u00edpio. As fases anteriores da pesquisa comprovam isso e essa nova etapa dar\u00e1 mais tranquilidade aos maricaenses\u201d, disse o diretor-presidente do ICTIM, Celso Pansera.<\/p>\n\n\n\n<p>Segundo o coordenador da pesquisa, bi\u00f3logo Carlos Senna, a etapa ser\u00e1, tamb\u00e9m, para tranquilizar e auxiliar os maricaenses que testaram positivo para Covid-19 durante a pandemia. \u201c\u00c9 de extrema import\u00e2ncia acompanhar os afetados pela Covid-19 de perto, uma vez que monitorando e orientando essas pessoas, as filas de espera de hospitais e exames diminuem drasticamente\u201d, destaca o bi\u00f3logo.<\/p>\n\n\n\n<p><strong>Estudo sobre s\u00edndromes gripais<\/strong><\/p>\n\n\n\n<p>A nova etapa ser\u00e1 uma ferramenta importante no estudo das s\u00edndromes gripais, como as sequelas da Covid-19, e servir\u00e1 para que sejam deliberadas a\u00e7\u00f5es de enfrentamento de surtos, endemias ou epidemias futuras.<\/p>\n\n\n\n<p>\u201cFoi identificado um grande impacto funcional aos que se recuperaram da doen\u00e7a, especialmente aqueles que necessitaram de interna\u00e7\u00e3o em CTI, acometendo os sobreviventes de todas as idades. Observou-se incapacidade prolongada e os efeitos secund\u00e1rios de disfun\u00e7\u00e3o muscular, fadiga, dor e dispneia\u201d, explica o m\u00e9dico infectologista e subsecret\u00e1rio de Sa\u00fade de Maric\u00e1, Marcelo Velho.<\/p>\n\n\n\n<p>Marcelo ainda exemplificou as consequ\u00eancias observadas em diversos pacientes graves. \u201cAlgo muito comum nos pacientes graves \u00e9 a fraqueza adquirida no CTI, relacionada \u00e0 imobilidade, controle glic\u00eamico abaixo do ideal, decorrente do uso de fortes medicamentos\u201d, acrescentou.<\/p>\n\n\n\n<p><strong>Entenda como ser\u00e1 o sorteio dos moradores visitados<\/strong><\/p>\n\n\n\n<p>Em cada resid\u00eancia sorteada, ser\u00e1 escolhido um morador acima de 18 anos com data de anivers\u00e1rio futura mais pr\u00f3xima ao dia da visita, como aconteceu nas primeira e segunda fases. Os benef\u00edcios que essa pesquisa por amostragem trar\u00e1 para Maric\u00e1 ser\u00e3o vis\u00edveis nos pr\u00f3ximos anos, como destaca Amilcar Tanuri, chefe do Laborat\u00f3rio de Virologia Molecular da Universidade Federal do Rio de Janeiro (UFRJ) e coordenador t\u00e9cnico da pesquisa Sentinela Covid-19 Maric\u00e1.<\/p>\n\n\n\n<p>\u201cVamos estudar a circula\u00e7\u00e3o deste v\u00edrus na cidade e tentar analisar as cepas. Isso vai nos indicar a efic\u00e1cia das vacinas de gripe na cidade. Al\u00e9m disso, o estudo pode ajudar a fazer a prioriza\u00e7\u00e3o das pessoas a serem vacinadas no futuro\u201d, afirmou.<\/p>\n\n\n\n<p><strong>V\u00edrus Influenza<\/strong><\/p>\n\n\n\n<p>A Influenza \u00e9 uma gripe, assim como a Covid-19, que provoca uma infec\u00e7\u00e3o aguda do sistema respirat\u00f3rio, com grande potencial de transmiss\u00e3o, que ocorre principalmente 24 horas antes do in\u00edcio dos sintomas. \u00c9 mais frequente nos meses do outono e do inverno e o per\u00edodo de incuba\u00e7\u00e3o da doen\u00e7a \u00e9 de 1 a 4 dias, por isso \u00e9 importante realizar uma testagem na popula\u00e7\u00e3o para mapear tamb\u00e9m a \u00e1rea de atua\u00e7\u00e3o deste v\u00edrus em Maric\u00e1.<\/p>\n\n\n\n<p>O v\u00edrus se propaga rapidamente e \u00e9 respons\u00e1vel por elevadas taxas de hospitaliza\u00e7\u00e3o. As Influenza A e B s\u00e3o respons\u00e1veis por epidemias sazonais, sendo a primeira respons\u00e1vel pelas grandes pandemias. Por esse motivo, sempre durante os meses que antecedem o inverno, os munic\u00edpios fazem campanha de vacina\u00e7\u00e3o contra a gripe. Em Maric\u00e1, a campanha come\u00e7ou no dia 4 de abril para os grupos priorit\u00e1rios e terminar\u00e1 em 3 de junho. A vacina\u00e7\u00e3o \u00e9 extremamente importante para que os casos graves e \u00f3bitos pela doen\u00e7a sejam evitados.<\/p>\n","protected":false},"excerpt":{"rendered":"<p>A Prefeitura de Maric\u00e1 inicia na pr\u00f3xima segunda-feira (25\/04) a terceira etapa da Pesquisa Sentinela sobre a Covid-19. As primeiras<\/p>\n","protected":false},"author":1,"featured_media":36409,"comment_status":"open","ping_status":"open","sticky":false,"template":"","format":"standard","meta":{"colormag_page_container_layout":"default_layout","colormag_page_sidebar_layout":"default_layout","footnotes":""},"categories":[18],"tags":[],"class_list":["post-36406","post","type-post","status-publish","format-standard","has-post-thumbnail","hentry","category-entretenimento"],"amp_enabled":true,"_links":{"self":[{"href":"https:\/\/maricatotal.com.br\/site\/wp-json\/wp\/v2\/posts\/36406","targetHints":{"allow":["GET"]}}],"collection":[{"href":"https:\/\/maricatotal.com.br\/site\/wp-json\/wp\/v2\/posts"}],"about":[{"href":"https:\/\/maricatotal.com.br\/site\/wp-json\/wp\/v2\/types\/post"}],"author":[{"embeddable":true,"href":"https:\/\/maricatotal.com.br\/site\/wp-json\/wp\/v2\/users\/1"}],"replies":[{"embeddable":true,"href":"https:\/\/maricatotal.com.br\/site\/wp-json\/wp\/v2\/comments?post=36406"}],"version-history":[{"count":1,"href":"https:\/\/maricatotal.com.br\/site\/wp-json\/wp\/v2\/posts\/36406\/revisions"}],"predecessor-version":[{"id":36410,"href":"https:\/\/maricatotal.com.br\/site\/wp-json\/wp\/v2\/posts\/36406\/revisions\/36410"}],"wp:featuredmedia":[{"embeddable":true,"href":"https:\/\/maricatotal.com.br\/site\/wp-json\/wp\/v2\/media\/36409"}],"wp:attachment":[{"href":"https:\/\/maricatotal.com.br\/site\/wp-json\/wp\/v2\/media?parent=36406"}],"wp:term":[{"taxonomy":"category","embeddable":true,"href":"https:\/\/maricatotal.com.br\/site\/wp-json\/wp\/v2\/categories?post=36406"},{"taxonomy":"post_tag","embeddable":true,"href":"https:\/\/maricatotal.com.br\/site\/wp-json\/wp\/v2\/tags?post=36406"}],"curies":[{"name":"wp","href":"https:\/\/api.w.org\/{rel}","templated":true}]}}