{"id":36412,"date":"2022-04-19T11:15:21","date_gmt":"2022-04-19T14:15:21","guid":{"rendered":"https:\/\/maricatotal.com.br\/site\/?p=36412"},"modified":"2022-04-19T11:15:23","modified_gmt":"2022-04-19T14:15:23","slug":"marica-protecao-animal-oferece-programacao-para-estudantes-e-medicos-veterinarios","status":"publish","type":"post","link":"https:\/\/maricatotal.com.br\/site\/2022\/04\/19\/marica-protecao-animal-oferece-programacao-para-estudantes-e-medicos-veterinarios\/","title":{"rendered":"Maric\u00e1: Prote\u00e7\u00e3o Animal oferece programa\u00e7\u00e3o para estudantes e m\u00e9dicos veterin\u00e1rios"},"content":{"rendered":"\n<p>A Prefeitura de Maric\u00e1, por meio da Coordenadoria Especial de Prote\u00e7\u00e3o Animal (Cepa), oferece no dia 27\/04, no audit\u00f3rio do Banco Mumbuca, de 10h \u00e0s 14h, o curso de responsabilidade t\u00e9cnica e, de 17h \u00e0s 19h, a palestra com o tema \u201cLeishmaniose \u2013 um olhar dentro da sa\u00fade animal: perspectivas e desafios\u201d, apresentada por Paulo Abilio Varella Lisboa. Est\u00e3o dispon\u00edveis cem vagas para estudantes de medicina veterin\u00e1ria e m\u00e9dicos veterin\u00e1rios. A inscri\u00e7\u00e3o \u00e9 gratuita pelo site:&nbsp;<a href=\"https:\/\/www.crmvrj.org.br\/\">https:\/\/www.crmvrj.org.br&nbsp;<\/a><\/p>\n\n\n\n<p>\u201cA educa\u00e7\u00e3o \u00e9 a base para a constru\u00e7\u00e3o de uma cultura melhor para a conviv\u00eancia harmoniosa entre os seres humanos e os animais. Em nossa gest\u00e3o, estamos objetivando dar foco \u00e0 promo\u00e7\u00e3o do bem-estar animal, ouvindo todos os profissionais envolvidos: veterin\u00e1rios, adestradores, criadores, protetores e respons\u00e1veis. Com muita alegria, este curso \u00e9 promovido pelo Conselho Regional de Medicina Veterin\u00e1ria do Rio de Janeiro, nosso parceiro, mas vamos oferecer outros com temas diversos para toda popula\u00e7\u00e3o\u201d, comentou o coordenador de Prote\u00e7\u00e3o Animal, Fabiano Novaes.<\/p>\n\n\n\n<p>Paulo Abilio Varella Lisboa \u2013 Formado em medicina veterin\u00e1ria pela Universidade Federal Fluminense (1990) e mestre em Ci\u00eancias Veterin\u00e1rias pela Universidade Federal Rural do Rio de Janeiro (2003), Paulo \u00e9 servidor p\u00fablico federal da Funda\u00e7\u00e3o Oswaldo Cruz \u2013 pesquisador e coordenador do N\u00facleo de Experimenta\u00e7\u00e3o de Tecnologias Interativas em Sa\u00fade (NEXT), do Instituto de Comunica\u00e7\u00e3o e Informa\u00e7\u00e3o Cient\u00edfica e Tecnol\u00f3gica em Sa\u00fade. Tamb\u00e9m pesquisador do desenvolvimento da plataforma de vigil\u00e2ncia e controle de zoonoses (ICICT); e pesquisador da Plataforma Fioleish (Programa Translacional de pesquisa em leishmanioses). Paulo atua nas \u00e1reas de doen\u00e7as infecciosas e zoonoses, diagn\u00f3stico por imagem e telemedicina.<\/p>\n\n\n\n<p><strong>Servi\u00e7o:<\/strong><br>Prefeitura promove curso voltado para estudantes e m\u00e9dicos veterin\u00e1rios<br>Dia: 27 de abril (quarta-feira)<br>Hor\u00e1rio: curso de responsabilidade t\u00e9cnica: de 10h \u00e0s 14h<br>Palestra com o tema \u201cLeishmaniose \u2013 um olhar dentro da sa\u00fade animal: perspectivas e desafios\u201d, de 17h \u00e0s 19h<br>Local: Banco Mumbuca \u2013 Rua Eug\u00eanio Modesto da Silva, n\u00ba 239, Parque Eldorado.<\/p>\n","protected":false},"excerpt":{"rendered":"<p>A Prefeitura de Maric\u00e1, por meio da Coordenadoria Especial de Prote\u00e7\u00e3o Animal (Cepa), oferece no dia 27\/04, no audit\u00f3rio do<\/p>\n","protected":false},"author":1,"featured_media":36414,"comment_status":"open","ping_status":"open","sticky":false,"template":"","format":"standard","meta":{"colormag_page_container_layout":"default_layout","colormag_page_sidebar_layout":"default_layout","footnotes":""},"categories":[14],"tags":[],"class_list":["post-36412","post","type-post","status-publish","format-standard","has-post-thumbnail","hentry","category-bairros"],"amp_enabled":true,"_links":{"self":[{"href":"https:\/\/maricatotal.com.br\/site\/wp-json\/wp\/v2\/posts\/36412","targetHints":{"allow":["GET"]}}],"collection":[{"href":"https:\/\/maricatotal.com.br\/site\/wp-json\/wp\/v2\/posts"}],"about":[{"href":"https:\/\/maricatotal.com.br\/site\/wp-json\/wp\/v2\/types\/post"}],"author":[{"embeddable":true,"href":"https:\/\/maricatotal.com.br\/site\/wp-json\/wp\/v2\/users\/1"}],"replies":[{"embeddable":true,"href":"https:\/\/maricatotal.com.br\/site\/wp-json\/wp\/v2\/comments?post=36412"}],"version-history":[{"count":1,"href":"https:\/\/maricatotal.com.br\/site\/wp-json\/wp\/v2\/posts\/36412\/revisions"}],"predecessor-version":[{"id":36415,"href":"https:\/\/maricatotal.com.br\/site\/wp-json\/wp\/v2\/posts\/36412\/revisions\/36415"}],"wp:featuredmedia":[{"embeddable":true,"href":"https:\/\/maricatotal.com.br\/site\/wp-json\/wp\/v2\/media\/36414"}],"wp:attachment":[{"href":"https:\/\/maricatotal.com.br\/site\/wp-json\/wp\/v2\/media?parent=36412"}],"wp:term":[{"taxonomy":"category","embeddable":true,"href":"https:\/\/maricatotal.com.br\/site\/wp-json\/wp\/v2\/categories?post=36412"},{"taxonomy":"post_tag","embeddable":true,"href":"https:\/\/maricatotal.com.br\/site\/wp-json\/wp\/v2\/tags?post=36412"}],"curies":[{"name":"wp","href":"https:\/\/api.w.org\/{rel}","templated":true}]}}