{"id":36582,"date":"2022-04-26T06:20:13","date_gmt":"2022-04-26T09:20:13","guid":{"rendered":"https:\/\/maricatotal.com.br\/site\/?p=36582"},"modified":"2022-04-26T06:20:13","modified_gmt":"2022-04-26T09:20:13","slug":"marica-3x3-de-basquete-comecou-nesta-segunda-feira","status":"publish","type":"post","link":"https:\/\/maricatotal.com.br\/site\/2022\/04\/26\/marica-3x3-de-basquete-comecou-nesta-segunda-feira\/","title":{"rendered":"Maric\u00e1 3\u00d73 de Basquete come\u00e7ou nesta segunda-feira"},"content":{"rendered":"\n<p>O Maric\u00e1 3\u00d73 de Basquete come\u00e7ou nesta segunda-feira (25\/04) com a cerim\u00f4nia de abertura e o in\u00edcio do Campeonato Brasileiro Escolar \u2013 seletiva para o Gymnasiade \u2013, que re\u00fane 56 equipes (28 femininas e 28 masculinas). A iniciativa \u00e9 da Confedera\u00e7\u00e3o Brasileira do Desporto Escolar (CBDE), em conjunto com a Confedera\u00e7\u00e3o Brasileira de Basketball (CBB) e a Prefeitura de Maric\u00e1, por meio da Secretaria de Esporte e Lazer. As competi\u00e7\u00f5es s\u00e3o das 8h \u00e0s 18h, na Arena Basquete Maric\u00e1 3\u00d73, em Ino\u00e3, at\u00e9 dia 2 de maio, com entrada franca.<\/p>\n\n\n\n<p>\u201cEsse evento \u00e9 um marco para Maric\u00e1. Um projeto que agrega valor para nossa meninada! Estamos muito felizes em receber atletas de diversos lugares do Brasil e incentivar cada vez mais a nossa popula\u00e7\u00e3o a pr\u00e1tica esportiva\u201d, afirmou o prefeito Fabiano Horta, declarando oficialmente aberto o Maric\u00e1 3\u00d73 de Basquete.<\/p>\n\n\n\n<p><strong>Ambiente de troca entre atletas e moradores<\/strong><\/p>\n\n\n\n<p>O secret\u00e1rio de Esporte e Lazer, Filipe Bittencourt, mencionou a import\u00e2ncia de estimular a competi\u00e7\u00e3o saud\u00e1vel e o cuidado com a sa\u00fade atrav\u00e9s do esporte. \u201cTenho certeza de que a popula\u00e7\u00e3o ir\u00e1 abra\u00e7ar esse estilo de basquete que surgiu na rua e se tornou ol\u00edmpico. Com isso, damos oportunidade aos moradores de conhecerem e terem acesso a mais uma modalidade esportiva\u201d, comentou.<\/p>\n\n\n\n<p>Para a atleta P\u00e2mela Oliveira, de Macei\u00f3, que est\u00e1 disputando pela primeira vez no Rio, a sensa\u00e7\u00e3o de acompanhar e poder competir em um jogo de basquete 3\u00d73 \u00e9 \u00fanica. \u201cEst\u00e1 sendo muito importante e gratificante participar desse campeonato, jogar com as minhas amigas e sentir a adrenalina de perto\u201d, disse.<\/p>\n\n\n\n<p><strong>Campeonato Brasileiro Escolar continua nesta ter\u00e7a-feira<\/strong><\/p>\n\n\n\n<p>O Campeonato, que acontecer\u00e1 at\u00e9 quarta-feira (27\/04), re\u00fane 56 equipes de todo o Brasil (28 femininas e 28 masculinas), compostas por tr\u00eas jogadores em quadra e um reserva, que precisam dominar a bola e fazer a cesta (a mesma para ambos os times). A pontua\u00e7\u00e3o tamb\u00e9m \u00e9 diferente do basquete convencional, cestas de dentro do per\u00edmetro valem um ponto e de fora, dois. A classifica\u00e7\u00e3o com entrega das medalhas (ouro, prata, bronze e cobre) do Campeonato Brasileiro Escolar ser\u00e1 anunciada no final da quarta-feira.<\/p>\n\n\n\n<p>Al\u00e9m das competi\u00e7\u00f5es, o evento \u00e9 acess\u00edvel e democr\u00e1tico \u2013 re\u00fane profissionais capacitados para receberem pessoas com defici\u00eancia f\u00edsica e\/ou dificuldade de mobilidade, desde a abordagem at\u00e9 a participa\u00e7\u00e3o das oficinas, que acontecem diariamente entre uma rodada e outra.<\/p>\n\n\n\n<p><strong>Programa\u00e7\u00e3o:<\/strong><\/p>\n\n\n\n<p>25 a 27 de abril: Campeonato Brasileiro Escolar \u2013 seletiva para Gymnasiade, Ol\u00edmpiadas Escolares, Normandia em 2022. Tamb\u00e9m ter\u00e1 oficina esportiva com aulas de basquete em parceria com a Secretaria de Educa\u00e7\u00e3o.<\/p>\n\n\n\n<p>28 de abril: Copa Maric\u00e1 3\u00d73 \u2013 Escolar. Vale ressaltar que o aluno interessado em participar deve procurar a secret\u00e1ria de sua escola para mais informa\u00e7\u00f5es.<\/p>\n\n\n\n<p>29, 30 de abril e 1\u00ba de maio: Circuito Nacional de 3\u00d73 \u2013 Etapa Sudeste<\/p>\n\n\n\n<p>30 de abril e 1\u00ba de maio: Copa Maric\u00e1 Open e Master<\/p>\n\n\n\n<p>2 de maio: Desafio Internacional BRA X ARG<\/p>\n\n\n\n<p>Local: arena montada na Rua Euclides Paulo da Silva, s\/n\u00ba, ao lado da Unidade de Pronto Atendimento (UPA) de Ino\u00e3.<\/p>\n","protected":false},"excerpt":{"rendered":"<p>O Maric\u00e1 3\u00d73 de Basquete come\u00e7ou nesta segunda-feira (25\/04) com a cerim\u00f4nia de abertura e o in\u00edcio do Campeonato Brasileiro<\/p>\n","protected":false},"author":1,"featured_media":36583,"comment_status":"open","ping_status":"open","sticky":false,"template":"","format":"standard","meta":{"colormag_page_container_layout":"default_layout","colormag_page_sidebar_layout":"default_layout","footnotes":""},"categories":[14],"tags":[],"class_list":["post-36582","post","type-post","status-publish","format-standard","has-post-thumbnail","hentry","category-bairros"],"amp_enabled":true,"_links":{"self":[{"href":"https:\/\/maricatotal.com.br\/site\/wp-json\/wp\/v2\/posts\/36582","targetHints":{"allow":["GET"]}}],"collection":[{"href":"https:\/\/maricatotal.com.br\/site\/wp-json\/wp\/v2\/posts"}],"about":[{"href":"https:\/\/maricatotal.com.br\/site\/wp-json\/wp\/v2\/types\/post"}],"author":[{"embeddable":true,"href":"https:\/\/maricatotal.com.br\/site\/wp-json\/wp\/v2\/users\/1"}],"replies":[{"embeddable":true,"href":"https:\/\/maricatotal.com.br\/site\/wp-json\/wp\/v2\/comments?post=36582"}],"version-history":[{"count":1,"href":"https:\/\/maricatotal.com.br\/site\/wp-json\/wp\/v2\/posts\/36582\/revisions"}],"predecessor-version":[{"id":36585,"href":"https:\/\/maricatotal.com.br\/site\/wp-json\/wp\/v2\/posts\/36582\/revisions\/36585"}],"wp:featuredmedia":[{"embeddable":true,"href":"https:\/\/maricatotal.com.br\/site\/wp-json\/wp\/v2\/media\/36583"}],"wp:attachment":[{"href":"https:\/\/maricatotal.com.br\/site\/wp-json\/wp\/v2\/media?parent=36582"}],"wp:term":[{"taxonomy":"category","embeddable":true,"href":"https:\/\/maricatotal.com.br\/site\/wp-json\/wp\/v2\/categories?post=36582"},{"taxonomy":"post_tag","embeddable":true,"href":"https:\/\/maricatotal.com.br\/site\/wp-json\/wp\/v2\/tags?post=36582"}],"curies":[{"name":"wp","href":"https:\/\/api.w.org\/{rel}","templated":true}]}}