{"id":36756,"date":"2022-04-29T12:05:19","date_gmt":"2022-04-29T15:05:19","guid":{"rendered":"https:\/\/maricatotal.com.br\/site\/?p=36756"},"modified":"2022-04-29T12:05:20","modified_gmt":"2022-04-29T15:05:20","slug":"marica-prefeitura-organizou-segunda-reuniao-preparatoria-7a-conferencia-da-cidade","status":"publish","type":"post","link":"https:\/\/maricatotal.com.br\/site\/2022\/04\/29\/marica-prefeitura-organizou-segunda-reuniao-preparatoria-7a-conferencia-da-cidade\/","title":{"rendered":"Maric\u00e1: Prefeitura organizou segunda reuni\u00e3o preparat\u00f3ria 7\u00aa Confer\u00eancia da Cidade"},"content":{"rendered":"\n<p>A Prefeitura de Maric\u00e1 realizou a segunda reuni\u00e3o preparat\u00f3ria da 7\u00aa Confer\u00eancia da Cidade \u2013 Maric\u00e1 por Voc\u00ea, na ter\u00e7a-feira (26\/04). Moradores e representantes de institui\u00e7\u00f5es da sociedade civil debateram quest\u00f5es sobre sistema vi\u00e1rio e mobilidade urbana. O encontro no distrito de Ponta Negra aconteceu no Centro de Educa\u00e7\u00e3o Infantil Municipal Marilza da Concei\u00e7\u00e3o, em Cordeirinho, de forma h\u00edbrida com participa\u00e7\u00f5es presenciais e online. O terceiro encontro ser\u00e1 nesta quinta-feira (28\/04), no Centro de Educa\u00e7\u00e3o Infantil Municipal Professor Jos\u00e9 Carlos, em Ino\u00e3. As propostas ser\u00e3o levadas para a confer\u00eancia municipal, de 20 a 22\/05.<\/p>\n\n\n\n<p>Durante o debate, foi apresentado o Plano de Mobilidade de Maric\u00e1, elaborado pela Secretaria de Urbanismo, e o diretor-presidente do Instituto de Ci\u00eancia, Tecnologia de Inova\u00e7\u00e3o de Maric\u00e1 (ICTIM), Celso Pansera, falou sobre o contrato assinado com a Universidade Federal do Rio de Janeiro (UFRJ) para desenvolver tr\u00eas tipos de \u00f4nibus (hidrog\u00eanio, h\u00edbrido e el\u00e9trico), que ter\u00e3o linha de montagem na cidade. A prefeitura ter\u00e1 a patente e receber\u00e1 pela venda dos ve\u00edculos, al\u00e9m de renovar a frota dos Vermelhinhos pelos \u00f4nibus de energia limpa, com emiss\u00e3o zero de carbono.<\/p>\n\n\n\n<p>Entre ideias sugeridas, a popula\u00e7\u00e3o indicou projetos na \u00e1rea de mobilidade e sustentabilidade, transporte sobre trilhos, corredores exclusivos de \u00f4nibus, planejamento de rotas dos \u00f4nibus municipais, ocupa\u00e7\u00e3o de pra\u00e7as p\u00fablicas com artes e ilumina\u00e7\u00e3o nos pontos de \u00f4nibus.<\/p>\n\n\n\n<p>O secret\u00e1rio municipal de Urbanismo, Celso Cabral, destaca que ser\u00e1 elaborado um relat\u00f3rio, com as propostas debatidas na confer\u00eancia, para a constru\u00e7\u00e3o de pol\u00edticas urbanas para os setores da gest\u00e3o.<\/p>\n\n\n\n<p>\u201cO resultado das discuss\u00f5es ser\u00e1 um instrumento para que os Conselheiros da Cidade, que ser\u00e3o eleitos, fa\u00e7am a avalia\u00e7\u00e3o, monitoramento e proposi\u00e7\u00f5es para que as a\u00e7\u00f5es sejam desenvolvidas\u201d, afirmou Cabral.<\/p>\n\n\n\n<p>A abertura da 7\u00aa Confer\u00eancia da Cidade acontece no dia 20\/05, no audit\u00f3rio do Banco Mumbuca, no Centro, a partir das 18h, com autoridades e palestras iniciais. J\u00e1 os debates, vota\u00e7\u00f5es dos relat\u00f3rios e elei\u00e7\u00e3o do Conselho da Cidade ser\u00e3o nos dias 21 e 22 de maio, das 9h \u00e0s 17h, no CEPT Professora Zilca Fontoura, tamb\u00e9m na regi\u00e3o central.<\/p>\n\n\n\n<p><strong>Pr\u00e9-confer\u00eancias municipais<\/strong><\/p>\n\n\n\n<p>As reuni\u00f5es preparat\u00f3rias acontecem por distrito. O terceiro encontro ser\u00e1 nesta quinta-feira (28\/04), no Centro de Educa\u00e7\u00e3o Infantil Municipal Professor Jos\u00e9 Carlos (Rua Sete, Bosque Fundo, em Ino\u00e3). A pen\u00faltima preparat\u00f3ria ser\u00e1 dia 03\/05 no Centro de Educa\u00e7\u00e3o Infantil Municipal Val\u00e9ria Passos, esquina entre as ruas Oito e 34, em Itaipua\u00e7u.<\/p>\n\n\n\n<p>O \u00faltimo encontro antes da Confer\u00eancia da Cidade acontece no dia 05\/05, no audit\u00f3rio do Banco Mumbuca (Rua Eug\u00eania Modesto da Silva, 293, Centro), somente com os representantes das institui\u00e7\u00f5es da sociedade civil. Todas as pr\u00e9-confer\u00eancias acontecem das 18h \u00e0s 20h30.<\/p>\n\n\n\n<p>Para participar das pr\u00e9-confer\u00eancias \u00e9 necess\u00e1rio fazer as inscri\u00e7\u00f5es no portal da Prefeitura (www.marica.rj.gov.br\/7aconferenciadacidade\/participe) ou pelo e-mail secretariaurbanismo.marica@gmail.com, informando nome completo, n\u00ba de documento de identifica\u00e7\u00e3o, telefone, e-mail, bairro e entidade de representa\u00e7\u00e3o, se houver, ou simplesmente o participante pode ser inscrito como morador ou observador\/ouvinte. Quem preferir tamb\u00e9m pode se cadastrar na sede da Secretaria de Urbanismo (Rua \u00c1lvares de Castro, 154, Ara\u00e7atiba).<\/p>\n\n\n\n<p>Nesta etapa da pr\u00e9-confer\u00eancia, as institui\u00e7\u00f5es da sociedade civil organizada interessadas devem fazer cadastramento e enviar os documentos comprobat\u00f3rios de sua atua\u00e7\u00e3o no munic\u00edpio para indica\u00e7\u00e3o dos delegados das suas entidades tais como: associa\u00e7\u00f5es, sindicatos, conselhos, entre outros.<\/p>\n\n\n\n<p>Para ser indicado ou eleito delegado da 7\u00aa Confer\u00eancia da Cidade \u00e9 condi\u00e7\u00e3o necess\u00e1ria ter se inscrito e participado de alguma das atividades da pr\u00e9-confer\u00eancia.<\/p>\n\n\n\n<p><strong>Sugest\u00f5es<\/strong><\/p>\n\n\n\n<p>Na confer\u00eancia municipal, os grupos de trabalho v\u00e3o propor sugest\u00f5es para os seguintes temas: Meio Ambiente, Sustentabilidade e Saneamento; Uso do Solo \u2013 Habita\u00e7\u00e3o e Patrim\u00f4nio Cultural e da Paisagem; Desenvolvimento Econ\u00f4mico, Urbano, Rural e Mar, Turismo; Mobilidade Urbana \u2013 Sistema Vi\u00e1rio; e Uso e Ocupa\u00e7\u00e3o do Solo, Macrozonas, Sistema de Planejamento Urbano.<\/p>\n\n\n\n<p><strong>Elei\u00e7\u00e3o do Conselho da Cidade<\/strong><\/p>\n\n\n\n<p>Ao final da confer\u00eancia, ser\u00e3o escolhidos os membros, titulares e suplentes, do Conselho da Cidade (ConCidade), que \u00e9 composto por representantes de movimentos sociais, empres\u00e1rios, trabalhadores e administra\u00e7\u00e3o p\u00fablica. O Conselho tem como fun\u00e7\u00e3o analisar, propor e fiscalizar mudan\u00e7as e solu\u00e7\u00f5es nas pol\u00edticas p\u00fablicas.<\/p>\n\n\n\n<p>O ConCidade \u00e9 formado por 15 representantes, sendo cinco do Executivo e um do Legislativo; cinco de movimentos sociais e populares; um empresarial; um dos trabalhadores; um de institui\u00e7\u00e3o da sociedade civil; e um de Organiza\u00e7\u00f5es N\u00e3o Governamentais (ONGs).<\/p>\n","protected":false},"excerpt":{"rendered":"<p>A Prefeitura de Maric\u00e1 realizou a segunda reuni\u00e3o preparat\u00f3ria da 7\u00aa Confer\u00eancia da Cidade \u2013 Maric\u00e1 por Voc\u00ea, na ter\u00e7a-feira<\/p>\n","protected":false},"author":1,"featured_media":36757,"comment_status":"open","ping_status":"open","sticky":false,"template":"","format":"standard","meta":{"colormag_page_container_layout":"default_layout","colormag_page_sidebar_layout":"default_layout","footnotes":""},"categories":[18],"tags":[],"class_list":["post-36756","post","type-post","status-publish","format-standard","has-post-thumbnail","hentry","category-entretenimento"],"amp_enabled":true,"_links":{"self":[{"href":"https:\/\/maricatotal.com.br\/site\/wp-json\/wp\/v2\/posts\/36756","targetHints":{"allow":["GET"]}}],"collection":[{"href":"https:\/\/maricatotal.com.br\/site\/wp-json\/wp\/v2\/posts"}],"about":[{"href":"https:\/\/maricatotal.com.br\/site\/wp-json\/wp\/v2\/types\/post"}],"author":[{"embeddable":true,"href":"https:\/\/maricatotal.com.br\/site\/wp-json\/wp\/v2\/users\/1"}],"replies":[{"embeddable":true,"href":"https:\/\/maricatotal.com.br\/site\/wp-json\/wp\/v2\/comments?post=36756"}],"version-history":[{"count":1,"href":"https:\/\/maricatotal.com.br\/site\/wp-json\/wp\/v2\/posts\/36756\/revisions"}],"predecessor-version":[{"id":36758,"href":"https:\/\/maricatotal.com.br\/site\/wp-json\/wp\/v2\/posts\/36756\/revisions\/36758"}],"wp:featuredmedia":[{"embeddable":true,"href":"https:\/\/maricatotal.com.br\/site\/wp-json\/wp\/v2\/media\/36757"}],"wp:attachment":[{"href":"https:\/\/maricatotal.com.br\/site\/wp-json\/wp\/v2\/media?parent=36756"}],"wp:term":[{"taxonomy":"category","embeddable":true,"href":"https:\/\/maricatotal.com.br\/site\/wp-json\/wp\/v2\/categories?post=36756"},{"taxonomy":"post_tag","embeddable":true,"href":"https:\/\/maricatotal.com.br\/site\/wp-json\/wp\/v2\/tags?post=36756"}],"curies":[{"name":"wp","href":"https:\/\/api.w.org\/{rel}","templated":true}]}}