{"id":36760,"date":"2022-04-29T12:07:35","date_gmt":"2022-04-29T15:07:35","guid":{"rendered":"https:\/\/maricatotal.com.br\/site\/?p=36760"},"modified":"2022-04-29T12:07:36","modified_gmt":"2022-04-29T15:07:36","slug":"marica-cultura-organiza-evento-especial-no-dia-internacional-da-danca","status":"publish","type":"post","link":"https:\/\/maricatotal.com.br\/site\/2022\/04\/29\/marica-cultura-organiza-evento-especial-no-dia-internacional-da-danca\/","title":{"rendered":"Maric\u00e1: Cultura organiza evento especial no Dia Internacional da Dan\u00e7a"},"content":{"rendered":"\n<p>A Prefeitura de Maric\u00e1, por meio da Secretaria de Cultura, promove o primeiro \u201cMaric\u00e1 em Dan\u00e7a\u201d, nesta sexta-feira (29\/04), a partir das 18h, na Pra\u00e7a Orlando de Barros Pimentel, no Centro. O evento comemora o Dia Internacional da Dan\u00e7a, incentivando e promovendo os grupos, companhias e escolas da cidade. As categorias apresentadas ser\u00e3o Baby-Class, infantil, infanto juvenil, juvenil e adulta.<\/p>\n\n\n\n<p>\u201cAl\u00e9m de promover a manifesta\u00e7\u00e3o art\u00edstico-cultural para aprofundar e ampliar os saberes, fazendo refletir sobre diversos significados, rela\u00e7\u00f5es, valores pessoais, culturais, pol\u00edticos e sociais. O festival movimenta uma cadeia de valor que vai muito al\u00e9m da dan\u00e7a, como, por exemplo, os com\u00e9rcios locais. O evento tem, ainda, a miss\u00e3o de estar sempre formando plateias, algo muito significativo para os n\u00facleos de dan\u00e7a da cidade\u201d, comentou o coordenador de dan\u00e7a da Cultura, Leandro Dasilva.<\/p>\n\n\n\n<p><strong>Servi\u00e7o:<\/strong><\/p>\n\n\n\n<p>Dia: sexta-feira (29\/04)<br>Hor\u00e1rio: a partir das 18h<br>Local: Pra\u00e7a Orlando de Barros Pimentel, Centro<br>Livre acesso e entrada franca<\/p>\n","protected":false},"excerpt":{"rendered":"<p>A Prefeitura de Maric\u00e1, por meio da Secretaria de Cultura, promove o primeiro \u201cMaric\u00e1 em Dan\u00e7a\u201d, nesta sexta-feira (29\/04), a<\/p>\n","protected":false},"author":1,"featured_media":36761,"comment_status":"open","ping_status":"open","sticky":false,"template":"","format":"standard","meta":{"colormag_page_container_layout":"default_layout","colormag_page_sidebar_layout":"default_layout","footnotes":""},"categories":[18],"tags":[],"class_list":["post-36760","post","type-post","status-publish","format-standard","has-post-thumbnail","hentry","category-entretenimento"],"amp_enabled":true,"_links":{"self":[{"href":"https:\/\/maricatotal.com.br\/site\/wp-json\/wp\/v2\/posts\/36760","targetHints":{"allow":["GET"]}}],"collection":[{"href":"https:\/\/maricatotal.com.br\/site\/wp-json\/wp\/v2\/posts"}],"about":[{"href":"https:\/\/maricatotal.com.br\/site\/wp-json\/wp\/v2\/types\/post"}],"author":[{"embeddable":true,"href":"https:\/\/maricatotal.com.br\/site\/wp-json\/wp\/v2\/users\/1"}],"replies":[{"embeddable":true,"href":"https:\/\/maricatotal.com.br\/site\/wp-json\/wp\/v2\/comments?post=36760"}],"version-history":[{"count":1,"href":"https:\/\/maricatotal.com.br\/site\/wp-json\/wp\/v2\/posts\/36760\/revisions"}],"predecessor-version":[{"id":36762,"href":"https:\/\/maricatotal.com.br\/site\/wp-json\/wp\/v2\/posts\/36760\/revisions\/36762"}],"wp:featuredmedia":[{"embeddable":true,"href":"https:\/\/maricatotal.com.br\/site\/wp-json\/wp\/v2\/media\/36761"}],"wp:attachment":[{"href":"https:\/\/maricatotal.com.br\/site\/wp-json\/wp\/v2\/media?parent=36760"}],"wp:term":[{"taxonomy":"category","embeddable":true,"href":"https:\/\/maricatotal.com.br\/site\/wp-json\/wp\/v2\/categories?post=36760"},{"taxonomy":"post_tag","embeddable":true,"href":"https:\/\/maricatotal.com.br\/site\/wp-json\/wp\/v2\/tags?post=36760"}],"curies":[{"name":"wp","href":"https:\/\/api.w.org\/{rel}","templated":true}]}}