{"id":36808,"date":"2022-05-02T08:15:30","date_gmt":"2022-05-02T11:15:30","guid":{"rendered":"https:\/\/maricatotal.com.br\/site\/?p=36808"},"modified":"2022-05-02T08:15:32","modified_gmt":"2022-05-02T11:15:32","slug":"marica-48a-edicao-da-festa-da-pesca-e-sucesso-de-publico","status":"publish","type":"post","link":"https:\/\/maricatotal.com.br\/site\/2022\/05\/02\/marica-48a-edicao-da-festa-da-pesca-e-sucesso-de-publico\/","title":{"rendered":"Maric\u00e1: 48\u00aa edi\u00e7\u00e3o da Festa da Pesca \u00e9 sucesso de p\u00fablico"},"content":{"rendered":"\n<p>A Prefeitura de Maric\u00e1, por meio da Secretaria de Agricultura, Pecu\u00e1ria e Pesca, realizou neste fim de semana a 48\u00aa edi\u00e7\u00e3o da tradicional Festa da Pesca, que ocupou parte da orla de Itaipua\u00e7u, com pesca esportiva, amadora, concurso para Princesa e Rainha 2022 e show de Boguinha do Cavaco. A competi\u00e7\u00e3o foi dividida em duas etapas: a primeira no s\u00e1bado (30\/04) e a segunda neste domingo (1\u00ba\/05), reunindo cerca de 850 pessoas.&nbsp;&nbsp;<a href=\"https:\/\/www.marica.rj.gov.br\/wp-content\/uploads\/2022\/05\/C-48%C2%B0-Festa-da-Pesca-de-Maric%C3%A1-Planilha-Rev-final.pdf\">Confira aqui o resultado<\/a><\/p>\n\n\n\n<p>A prova foi composta por duas etapas de quatro horas, da qual puderam participar atletas federados e n\u00e3o federados convidados, desde que estivessem em trincas e divididos pelas seguintes categorias: geral, n\u00e3o federados, masculino, feminino, juvenil (at\u00e9 21 anos incompletos) e master (a partir de 55 anos). Equipes mistas foram avaliadas como categoria masculina.&nbsp;<\/p>\n\n\n\n<p>\u201cGanhar o primeiro lugar geral \u00e9 muito importante para n\u00f3s. Batalhamos, treinamos e hoje conseguimos sair daqui com um pr\u00eamio de R$ 1.500 e o trof\u00e9u\u201d, comentou o pescador vencedor Vitor Machado.<\/p>\n\n\n\n<p>Para a eleita Rainha da Pesca Adriana Pinto, de 40 anos, moradora de Itaipua\u00e7u, receber esse t\u00edtulo \u00e9 uma honra. \u201cEu sou a mais velha entre as competidoras. Levar pra casa essa coroa, depois dessa- festa linda, significa muito para mim\u201d, disse.<\/p>\n\n\n\n<p>De acordo com a arquiteta Patr\u00edcia Antunes, moradora de Itaipua\u00e7u, o evento voltou com tudo ap\u00f3s o isolamento pela pandemia da Covid-19.&nbsp; \u201cSou nascida e criada aqui em Itaipua\u00e7u, esse evento sempre foi bel\u00edssimo e este ano est\u00e1 maravilhoso, cheio de energia e luz. Parab\u00e9ns aos ganhadores e aos respons\u00e1veis\u201d, comentou.<\/p>\n","protected":false},"excerpt":{"rendered":"<p>A Prefeitura de Maric\u00e1, por meio da Secretaria de Agricultura, Pecu\u00e1ria e Pesca, realizou neste fim de semana a 48\u00aa<\/p>\n","protected":false},"author":1,"featured_media":36810,"comment_status":"open","ping_status":"open","sticky":false,"template":"","format":"standard","meta":{"colormag_page_container_layout":"default_layout","colormag_page_sidebar_layout":"default_layout","footnotes":""},"categories":[18],"tags":[],"class_list":["post-36808","post","type-post","status-publish","format-standard","has-post-thumbnail","hentry","category-entretenimento"],"amp_enabled":true,"_links":{"self":[{"href":"https:\/\/maricatotal.com.br\/site\/wp-json\/wp\/v2\/posts\/36808","targetHints":{"allow":["GET"]}}],"collection":[{"href":"https:\/\/maricatotal.com.br\/site\/wp-json\/wp\/v2\/posts"}],"about":[{"href":"https:\/\/maricatotal.com.br\/site\/wp-json\/wp\/v2\/types\/post"}],"author":[{"embeddable":true,"href":"https:\/\/maricatotal.com.br\/site\/wp-json\/wp\/v2\/users\/1"}],"replies":[{"embeddable":true,"href":"https:\/\/maricatotal.com.br\/site\/wp-json\/wp\/v2\/comments?post=36808"}],"version-history":[{"count":1,"href":"https:\/\/maricatotal.com.br\/site\/wp-json\/wp\/v2\/posts\/36808\/revisions"}],"predecessor-version":[{"id":36811,"href":"https:\/\/maricatotal.com.br\/site\/wp-json\/wp\/v2\/posts\/36808\/revisions\/36811"}],"wp:featuredmedia":[{"embeddable":true,"href":"https:\/\/maricatotal.com.br\/site\/wp-json\/wp\/v2\/media\/36810"}],"wp:attachment":[{"href":"https:\/\/maricatotal.com.br\/site\/wp-json\/wp\/v2\/media?parent=36808"}],"wp:term":[{"taxonomy":"category","embeddable":true,"href":"https:\/\/maricatotal.com.br\/site\/wp-json\/wp\/v2\/categories?post=36808"},{"taxonomy":"post_tag","embeddable":true,"href":"https:\/\/maricatotal.com.br\/site\/wp-json\/wp\/v2\/tags?post=36808"}],"curies":[{"name":"wp","href":"https:\/\/api.w.org\/{rel}","templated":true}]}}