{"id":36813,"date":"2022-05-02T08:17:48","date_gmt":"2022-05-02T11:17:48","guid":{"rendered":"https:\/\/maricatotal.com.br\/site\/?p=36813"},"modified":"2022-05-02T08:17:49","modified_gmt":"2022-05-02T11:17:49","slug":"marica-hospital-municipal-dr-ernesto-che-guevara-completa-dois-anos","status":"publish","type":"post","link":"https:\/\/maricatotal.com.br\/site\/2022\/05\/02\/marica-hospital-municipal-dr-ernesto-che-guevara-completa-dois-anos\/","title":{"rendered":"Maric\u00e1: Hospital Municipal Dr. Ernesto Che Guevara completa dois anos"},"content":{"rendered":"\n<p>O povo de Maric\u00e1 comemora neste domingo (1\u00ba\/05), Dia do Trabalhador e da Trabalhadora, os dois anos da inaugura\u00e7\u00e3o do Hospital Municipal Dr. Ernesto Che Guevara, em S\u00e3o Jos\u00e9 do Imbassa\u00ed. Desde a sua abertura, em 2020, mais de 3.300 v\u00edtimas da Covid-19 passaram pelos cuidados dos dedicados profissionais de sa\u00fade, milhares de vidas foram salvas e sonhos recuperados. Um novo momento o espera, o hospital vai realizar cirurgias nos pr\u00f3ximos meses, reduzindo a fila de espera do Sistema \u00danico de Sa\u00fade (SUS) com moradores que precisam se deslocar longas dist\u00e2ncias para fazer os procedimentos.<\/p>\n\n\n\n<p>O Che foi fundamental como refer\u00eancia no atendimento aos pacientes com coronav\u00edrus, dando suporte \u00e0 popula\u00e7\u00e3o de Maric\u00e1 e toda Regi\u00e3o Leste Fluminense, composta por 16 munic\u00edpios, como Arma\u00e7\u00e3o dos B\u00fazios, Cabo Frio, Casimiro de Abreu, Itabora\u00ed, Niter\u00f3i, Rio Bonito e S\u00e3o Gon\u00e7alo. Al\u00e9m disso, mais de 17 mil exames de imagens foram feitos no per\u00edodo, entre ultrassonografia, endoscopia, raio-x e tomografia, este \u00faltimo em um dos aparelhos mais modernos do Estado do Rio de Janeiro: um tom\u00f3grafo Canon de alta complexidade, com 128 canais \u2013 os modelos comuns tem de 8 a 16 canais \u2013, que far\u00e1 da unidade tamb\u00e9m um centro para pesquisas avan\u00e7adas em outras \u00e1reas, como a coronariana.<\/p>\n\n\n\n<p>\u201cO Che Guevara cumpriu o seu papel na assist\u00eancia e cuidado de qualidade \u00e0queles que foram acometidos por essa grave doen\u00e7a ao longo desses anos. Agora, estamos vivendo uma fase, de recome\u00e7o e, para isso, estamos preparando o hospital para ser refer\u00eancia em cirurgias do munic\u00edpio, ampliando a capacidade de execu\u00e7\u00e3o de procedimentos em nossa cidade\u201d, explicou a secret\u00e1ria municipal de Sa\u00fade de Maric\u00e1, Solange Oliveira.<\/p>\n\n\n\n<p><strong>Legado para Maric\u00e1 e exemplo para o Brasil<\/strong><\/p>\n\n\n\n<p>A unidade conseguiu n\u00e3o s\u00f3 integrar toda a rede local de combate \u00e0 pandemia, ampliando a capacidade total de atendimento na cidade, mas tamb\u00e9m criando um fluxo eficiente com anteparo do Hospital Conde Modesto, do Posto Santa Rita e da UPA de Ino\u00e3. A estrutura de 10 mil m\u00b2 de \u00e1rea constru\u00edda e 13 mil m\u00b2 de \u00e1rea total, tornou-se um legado para a cidade e para Estado, unindo qualidade e seguran\u00e7a.<\/p>\n\n\n\n<p>Uma atua\u00e7\u00e3o, por sinal, que n\u00e3o passou inc\u00f3lume na aten\u00e7\u00e3o da m\u00eddia, principalmente internacional: duas das maiores ag\u00eancias de not\u00edcias internacionais do mundo, a americana Associated Press, e a francesa Ag\u00eancia France Presse, elegeram o Che Guevara como o exemplo brasileiro de a\u00e7\u00e3o bem sucedida contra a Covid-19. As duas ag\u00eancias enviaram correspondentes internacionais ao hospital, que produziram reportagens distribu\u00eddas em ingl\u00eas e em franc\u00eas para mais de 100 pa\u00edses em todo o mundo.<\/p>\n\n\n\n<p><strong>Estrutura de alto n\u00edvel e profissionais capacitados geram admira\u00e7\u00e3o<\/strong><\/p>\n\n\n\n<p>Tecnologia somada a equipamentos de ponta s\u00e3o o que n\u00e3o faltam ao hospital, que conta com mais de mil colaboradores. Na segunda-feira (02\/05), haver\u00e1 uma comemora\u00e7\u00e3o simples e simb\u00f3lica, dedicada aos funcion\u00e1rios que fazem o servi\u00e7o acontecer. A enfermeira respons\u00e1vel pelo Centro de Terapia Intensiva (CTI) 3, Alana Priscilla Viana, 29 anos, relatou o orgulho de vestir a camisa do Che, que garante o suporte necess\u00e1rio para a execu\u00e7\u00e3o de um bom trabalho.<\/p>\n\n\n\n<p>\u201c\u00c9 incr\u00edvel trabalhar aqui! Posso dizer com toda certeza que o Che mudou a minha vida profissional. Primeiro, por toda a experi\u00eancia no enfrentamento \u00e0 pandemia, segundo pelo cuidado diferenciado, tanto pela estrutura oferecida aos profissionais e pacientes, quanto pela assist\u00eancia humanizada que prestamos aqui. Tenho muito orgulho de fazer parte desse time. Parab\u00e9ns ao Che!\u201d, enfatizou.<\/p>\n\n\n\n<p>Relato de agradecimento e admira\u00e7\u00e3o que tamb\u00e9m vem de um paciente, Douglas Moraes, de 43 anos, morador de Itaipua\u00e7u, internado para tratar uma infec\u00e7\u00e3o urin\u00e1ria e impressionado com a infraestrutura dispon\u00edvel no local. \u201cJ\u00e1 passei por diversos hospitais, inclusive particulares, em v\u00e1rios lugares do Brasil, mas confesso que estou surpreso com a qualidade do atendimento daqui. Por ser hospital municipal, creio que deveria ser um exemplo para outros do Brasil, mostrando que \u00e9 poss\u00edvel oferecer um servi\u00e7o de sa\u00fade de qualidade para as pessoas que mais necessitam\u201d, destacou o paciente.<\/p>\n\n\n\n<p><strong>Vacina\u00e7\u00e3o e redu\u00e7\u00e3o dos casos da Covid-19 fazem hospital mudar de perfil<\/strong><\/p>\n\n\n\n<p>O avan\u00e7o da imuniza\u00e7\u00e3o contra a Covid-19, que j\u00e1 alcan\u00e7a mais de 133 mil moradores de Maric\u00e1, ou seja, 93,6% das pessoas acima de 12 anos, e o crescimento da cobertura da dose de refor\u00e7o dos adultos \u2013 cerca de 61%, 78 mil imunizados \u2013 fez com que o hospital chegasse ao menor cen\u00e1rio de ocupa\u00e7\u00e3o de v\u00edtimas do coronav\u00edrus desde a abertura dos leitos: em 30 dias, apenas um paciente foi internado com Covid-19.<\/p>\n\n\n\n<p>A n\u00edvel de compara\u00e7\u00e3o, em abril de 2021, auge da contamina\u00e7\u00e3o pela doen\u00e7a naquele ano, 116 pacientes chegaram a ficar internados ao mesmo tempo no local. Com o atual panorama de melhora da pandemia, a unidade entrar\u00e1 em uma nova fase a m\u00e9dio prazo. Para isso, a Secretaria de Sa\u00fade trabalha na transforma\u00e7\u00e3o do hospital Che Guevara em refer\u00eancia cir\u00fargica, com previs\u00e3o de in\u00edcio dos procedimentos no segundo semestre deste ano.<\/p>\n","protected":false},"excerpt":{"rendered":"<p>O povo de Maric\u00e1 comemora neste domingo (1\u00ba\/05), Dia do Trabalhador e da Trabalhadora, os dois anos da inaugura\u00e7\u00e3o do<\/p>\n","protected":false},"author":1,"featured_media":36815,"comment_status":"open","ping_status":"open","sticky":false,"template":"","format":"standard","meta":{"colormag_page_container_layout":"default_layout","colormag_page_sidebar_layout":"default_layout","footnotes":""},"categories":[18],"tags":[],"class_list":["post-36813","post","type-post","status-publish","format-standard","has-post-thumbnail","hentry","category-entretenimento"],"amp_enabled":true,"_links":{"self":[{"href":"https:\/\/maricatotal.com.br\/site\/wp-json\/wp\/v2\/posts\/36813","targetHints":{"allow":["GET"]}}],"collection":[{"href":"https:\/\/maricatotal.com.br\/site\/wp-json\/wp\/v2\/posts"}],"about":[{"href":"https:\/\/maricatotal.com.br\/site\/wp-json\/wp\/v2\/types\/post"}],"author":[{"embeddable":true,"href":"https:\/\/maricatotal.com.br\/site\/wp-json\/wp\/v2\/users\/1"}],"replies":[{"embeddable":true,"href":"https:\/\/maricatotal.com.br\/site\/wp-json\/wp\/v2\/comments?post=36813"}],"version-history":[{"count":1,"href":"https:\/\/maricatotal.com.br\/site\/wp-json\/wp\/v2\/posts\/36813\/revisions"}],"predecessor-version":[{"id":36816,"href":"https:\/\/maricatotal.com.br\/site\/wp-json\/wp\/v2\/posts\/36813\/revisions\/36816"}],"wp:featuredmedia":[{"embeddable":true,"href":"https:\/\/maricatotal.com.br\/site\/wp-json\/wp\/v2\/media\/36815"}],"wp:attachment":[{"href":"https:\/\/maricatotal.com.br\/site\/wp-json\/wp\/v2\/media?parent=36813"}],"wp:term":[{"taxonomy":"category","embeddable":true,"href":"https:\/\/maricatotal.com.br\/site\/wp-json\/wp\/v2\/categories?post=36813"},{"taxonomy":"post_tag","embeddable":true,"href":"https:\/\/maricatotal.com.br\/site\/wp-json\/wp\/v2\/tags?post=36813"}],"curies":[{"name":"wp","href":"https:\/\/api.w.org\/{rel}","templated":true}]}}