{"id":36828,"date":"2022-05-02T13:05:55","date_gmt":"2022-05-02T16:05:55","guid":{"rendered":"https:\/\/maricatotal.com.br\/site\/?p=36828"},"modified":"2022-05-02T13:05:56","modified_gmt":"2022-05-02T16:05:56","slug":"fim-de-semana-de-homenagem-ao-trabalhador-e-a-trabalhadora-em-marica","status":"publish","type":"post","link":"https:\/\/maricatotal.com.br\/site\/2022\/05\/02\/fim-de-semana-de-homenagem-ao-trabalhador-e-a-trabalhadora-em-marica\/","title":{"rendered":"Fim de semana de homenagem ao Trabalhador e \u00e0 Trabalhadora em Maric\u00e1\u00a0"},"content":{"rendered":"\n<p>O Dia do Trabalhador e da Trabalhadora est\u00e1 sendo celebrado em grande estilo neste fim de semana em Maric\u00e1, com a Pra\u00e7a Orlando de Barros Pimentel tomada pelas atividades promovidas pela Prefeitura em diversas \u00e1reas, como a\u00e7\u00e3o social dos \u00f3rg\u00e3os p\u00fablicos, al\u00e9m de divers\u00e3o e lazer para todas as idades. \u00daltima atra\u00e7\u00e3o do dia ser\u00e1 o show de tributo ao Cazuza, de George Israel e Arnaldo Brand\u00e3o. O prefeito Fabiano Horta lembrou que a festa volta a ser realizada ap\u00f3s dois anos de pandemia da Covid-19, o que torna a homenagem ainda mais especial.<\/p>\n\n\n\n<p>\u201cA gente luta para que os trabalhadores e as trabalhadoras tenham dignidade, comida na mesa e emprego. Essa \u00e9 uma luta incans\u00e1vel do dia a dia de cada \u00f3rg\u00e3o da Prefeitura. Celebrar essa data \u00e9 motivo de muita alegria! E tamb\u00e9m comemorar que n\u00f3s somos a terceira cidade do pa\u00eds que mais empregou no m\u00eas de mar\u00e7o, resultado claro de que o trabalho est\u00e1 sendo bem feito\u201d, afirmou o prefeito.<\/p>\n\n\n\n<p>A festa come\u00e7ou na manh\u00e3 de s\u00e1bado (30\/04), com aten\u00e7\u00e3o aos pequenos, que puderam desfrutar de brinquedos ao longo do dia, que foi encerrado pela m\u00fasica de Ronaldo Valentim, m\u00edmica e m\u00e1gica com Os Sombras e apresenta\u00e7\u00e3o do Teatro das Oprimidas. \u00c0 noite, foi a vez dos adultos aproveitarem os shows de artistas e bandas locais, que integraram o projeto Maric\u00e1 Musical II.<\/p>\n\n\n\n<p><strong>A\u00e7\u00e3o social de v\u00e1rios \u00f3rg\u00e3os municipais<\/strong><\/p>\n\n\n\n<p>No domingo (1\u00ba\/05), a pra\u00e7a foi tomada por uma a\u00e7\u00e3o social conjunta de v\u00e1rias secretarias, com esporte (kickboxing, futmesa, altinha, zumba); sa\u00fade (testes r\u00e1pidos para detec\u00e7\u00e3o de HIV, s\u00edfilis, hepatite B e C, orienta\u00e7\u00e3o sobre infec\u00e7\u00f5es sexualmente transmiss\u00edveis (IST), distribui\u00e7\u00e3o de preservativos e vacina\u00e7\u00e3o infantil contra Covid-19); e Trabalho (emiss\u00e3o de carteiras de trabalho, cadastro em banco de empregos, solicita\u00e7\u00e3o do seguro-desemprego, corte de cabelo, design de sobrancelhas).<\/p>\n\n\n\n<p>Tamb\u00e9m estiverem presente Assist\u00eancia Social (acolhimento social, 2\u00aa via de certid\u00f5es de nascimento, casamento, \u00f3bito, declara\u00e7\u00e3o de hipossufici\u00eancia financeira para atendimento no Detran); e Pol\u00edticas Inclusivas (teste da pisada para crian\u00e7as at\u00e9 9 anos, jogos pedag\u00f3gicos, divulga\u00e7\u00e3o de cursos gratuitos do Centro de Refer\u00eancia em Pol\u00edticas Inclusivas).<\/p>\n\n\n\n<p>\u201c\u00c9 uma honra estar participando dessa festa. Poder elevar a autoestima das pessoas s\u00f3 me mostra que estou na profiss\u00e3o certa!\u201d, comentou o barbeiro Jo\u00e3o Vitor Costa, de 17 anos, morador de Ino\u00e3.<\/p>\n\n\n\n<p>Houve ainda distribui\u00e7\u00e3o de 280 mudas de \u00e1rvores \u2013 dentro do projeto Maric\u00e1 + Verde \u2013, Feira do Produtor, Feira de Artesanato de Maric\u00e1 (Feirarte) e apresenta\u00e7\u00e3o de zumba, promovida pela Secretaria de Pol\u00edticas para a Terceira Idade. A noite ser\u00e1 de mais Caravana da Cultura e apresenta\u00e7\u00f5es do Maric\u00e1 Musical, com o \u2018Tributo a Cazuza \u2013 George Israel convida Arnaldo Brand\u00e3o\u2019 encerrando o fim de semana de festa.<\/p>\n\n\n\n<p>Para Fellype Bezerra, de 10 anos, as atividades recreativas est\u00e3o sendo maravilhosas: \u201cEstou amando poder brincar, ir no touro mec\u00e2nico, fazer pinturas, encontrar meus amigos, estar com minha fam\u00edlia\u2026 Estou adorando tudo aqui. Este \u00e9 um dia muito feliz para mim!\u201d, disse.<\/p>\n\n\n\n<p><strong>Tributo ao Cazuza<\/strong><\/p>\n\n\n\n<p>A apresenta\u00e7\u00e3o ter\u00e1 toda a ess\u00eancia de Cazuza, que deixou uma rica obra com 120 can\u00e7\u00f5es gravadas e 246 composi\u00e7\u00f5es. No tributo, ser\u00e3o apresentados os maiores sucessos da carreira do cantor e compositor, como \u201cO tempo n\u00e3o para\u201d, \u201cPro dia nascer feliz\u201d, \u201cIdeologia\u201d, \u201cBrasil\u201d e \u201cDown em mim\u201d. A iniciativa \u00e9 uma homenagem do cantor George Israel, que convida Arnaldo Brand\u00e3o.<\/p>\n\n\n\n<p>Para Elizangela Costa, de 46 anos, moradora de Ch\u00e1caras de Ino\u00e3, o show trar\u00e1 lembran\u00e7as antigas que s\u00f3 far\u00e1 ela amar mais ainda o \u00eddolo Cazuza.<\/p>\n\n\n\n<p>\u201cEstou adorando esses shows, essas atividades que est\u00e3o fazendo no Dia do Trabalhador. Muito bom poder assistir a shows de qualidade gratuitamente. Acredito que esse projeto \u2013 Maric\u00e1 Musical \u2013, est\u00e1 valorizando a qualidade da m\u00fasica local e dando dimens\u00e3o aos talentos da m\u00fasica. Cazuza embala e marca a vida de f\u00e3s apaixonados por suas letras sens\u00edveis e atemporais, estou ansiosa!\u201d, disse.<\/p>\n","protected":false},"excerpt":{"rendered":"<p>O Dia do Trabalhador e da Trabalhadora est\u00e1 sendo celebrado em grande estilo neste fim de semana em Maric\u00e1, com<\/p>\n","protected":false},"author":1,"featured_media":36829,"comment_status":"open","ping_status":"open","sticky":false,"template":"","format":"standard","meta":{"colormag_page_container_layout":"default_layout","colormag_page_sidebar_layout":"default_layout","footnotes":""},"categories":[18],"tags":[],"class_list":["post-36828","post","type-post","status-publish","format-standard","has-post-thumbnail","hentry","category-entretenimento"],"amp_enabled":true,"_links":{"self":[{"href":"https:\/\/maricatotal.com.br\/site\/wp-json\/wp\/v2\/posts\/36828","targetHints":{"allow":["GET"]}}],"collection":[{"href":"https:\/\/maricatotal.com.br\/site\/wp-json\/wp\/v2\/posts"}],"about":[{"href":"https:\/\/maricatotal.com.br\/site\/wp-json\/wp\/v2\/types\/post"}],"author":[{"embeddable":true,"href":"https:\/\/maricatotal.com.br\/site\/wp-json\/wp\/v2\/users\/1"}],"replies":[{"embeddable":true,"href":"https:\/\/maricatotal.com.br\/site\/wp-json\/wp\/v2\/comments?post=36828"}],"version-history":[{"count":1,"href":"https:\/\/maricatotal.com.br\/site\/wp-json\/wp\/v2\/posts\/36828\/revisions"}],"predecessor-version":[{"id":36831,"href":"https:\/\/maricatotal.com.br\/site\/wp-json\/wp\/v2\/posts\/36828\/revisions\/36831"}],"wp:featuredmedia":[{"embeddable":true,"href":"https:\/\/maricatotal.com.br\/site\/wp-json\/wp\/v2\/media\/36829"}],"wp:attachment":[{"href":"https:\/\/maricatotal.com.br\/site\/wp-json\/wp\/v2\/media?parent=36828"}],"wp:term":[{"taxonomy":"category","embeddable":true,"href":"https:\/\/maricatotal.com.br\/site\/wp-json\/wp\/v2\/categories?post=36828"},{"taxonomy":"post_tag","embeddable":true,"href":"https:\/\/maricatotal.com.br\/site\/wp-json\/wp\/v2\/tags?post=36828"}],"curies":[{"name":"wp","href":"https:\/\/api.w.org\/{rel}","templated":true}]}}