{"id":36833,"date":"2022-05-02T13:57:08","date_gmt":"2022-05-02T16:57:08","guid":{"rendered":"https:\/\/maricatotal.com.br\/site\/?p=36833"},"modified":"2022-05-02T13:58:41","modified_gmt":"2022-05-02T16:58:41","slug":"foragido-da-justica-e-preso-pela-policia-civil-em-marica-2","status":"publish","type":"post","link":"https:\/\/maricatotal.com.br\/site\/2022\/05\/02\/foragido-da-justica-e-preso-pela-policia-civil-em-marica-2\/","title":{"rendered":"Foragido da justi\u00e7a \u00e9 preso pela Pol\u00edcia Civil em Maric\u00e1\u00a0"},"content":{"rendered":"\n<p>Policiais civis da 77\u00aa DP (Icara\u00ed) prenderam um homem foragido da justi\u00e7a, no Bairro da Amizade, em Maric\u00e1, na manh\u00e3 desta segunda-feira (02).<\/p>\n\n\n\n<p>De acordo com informa\u00e7\u00f5es, ap\u00f3s investiga\u00e7\u00f5es do setor de intelig\u00eancia, o paradeiro do meliante foi identificado.<\/p>\n\n\n\n<p>Agentes seguiram at\u00e9 a resid\u00eancia e prenderam Eliseu de Moraes Pereira, que tinha um mandado de pris\u00e3o pelo crime de tr\u00e1fico de drogas.<\/p>\n\n\n\n<p>O homem foi encaminhado para Delegacia de Icara\u00ed, onde o caso foi registrado.&nbsp;<\/p>\n","protected":false},"excerpt":{"rendered":"<p>Policiais civis da 77\u00aa DP (Icara\u00ed) prenderam um homem foragido da justi\u00e7a, no Bairro da Amizade, em Maric\u00e1, na manh\u00e3<\/p>\n","protected":false},"author":1,"featured_media":36835,"comment_status":"open","ping_status":"open","sticky":false,"template":"","format":"standard","meta":{"colormag_page_container_layout":"default_layout","colormag_page_sidebar_layout":"default_layout","footnotes":""},"categories":[1],"tags":[],"class_list":["post-36833","post","type-post","status-publish","format-standard","has-post-thumbnail","hentry","category-noticias"],"amp_enabled":true,"_links":{"self":[{"href":"https:\/\/maricatotal.com.br\/site\/wp-json\/wp\/v2\/posts\/36833","targetHints":{"allow":["GET"]}}],"collection":[{"href":"https:\/\/maricatotal.com.br\/site\/wp-json\/wp\/v2\/posts"}],"about":[{"href":"https:\/\/maricatotal.com.br\/site\/wp-json\/wp\/v2\/types\/post"}],"author":[{"embeddable":true,"href":"https:\/\/maricatotal.com.br\/site\/wp-json\/wp\/v2\/users\/1"}],"replies":[{"embeddable":true,"href":"https:\/\/maricatotal.com.br\/site\/wp-json\/wp\/v2\/comments?post=36833"}],"version-history":[{"count":2,"href":"https:\/\/maricatotal.com.br\/site\/wp-json\/wp\/v2\/posts\/36833\/revisions"}],"predecessor-version":[{"id":36838,"href":"https:\/\/maricatotal.com.br\/site\/wp-json\/wp\/v2\/posts\/36833\/revisions\/36838"}],"wp:featuredmedia":[{"embeddable":true,"href":"https:\/\/maricatotal.com.br\/site\/wp-json\/wp\/v2\/media\/36835"}],"wp:attachment":[{"href":"https:\/\/maricatotal.com.br\/site\/wp-json\/wp\/v2\/media?parent=36833"}],"wp:term":[{"taxonomy":"category","embeddable":true,"href":"https:\/\/maricatotal.com.br\/site\/wp-json\/wp\/v2\/categories?post=36833"},{"taxonomy":"post_tag","embeddable":true,"href":"https:\/\/maricatotal.com.br\/site\/wp-json\/wp\/v2\/tags?post=36833"}],"curies":[{"name":"wp","href":"https:\/\/api.w.org\/{rel}","templated":true}]}}