{"id":3695,"date":"2019-10-05T15:20:18","date_gmt":"2019-10-05T18:20:18","guid":{"rendered":"http:\/\/maricatotal.com.br\/site\/?p=3695"},"modified":"2019-10-05T15:20:20","modified_gmt":"2019-10-05T18:20:20","slug":"festival-sabores-da-roca-de-18-a-20-10-no-espraiado","status":"publish","type":"post","link":"https:\/\/maricatotal.com.br\/site\/2019\/10\/05\/festival-sabores-da-roca-de-18-a-20-10-no-espraiado\/","title":{"rendered":"FESTIVAL SABORES DA RO\u00c7A DE 18 A 20\/10 NO ESPRAIADO"},"content":{"rendered":"\n<figure class=\"wp-block-image\"><img loading=\"lazy\" decoding=\"async\" width=\"682\" height=\"1024\" src=\"http:\/\/maricatotal.com.br\/site\/wp-content\/uploads\/2019\/10\/B83F5533-3118-4290-B116-A0B7C08D649E-682x1024.jpeg\" alt=\"\" class=\"wp-image-3696\" srcset=\"https:\/\/maricatotal.com.br\/site\/wp-content\/uploads\/2019\/10\/B83F5533-3118-4290-B116-A0B7C08D649E-682x1024.jpeg 682w, https:\/\/maricatotal.com.br\/site\/wp-content\/uploads\/2019\/10\/B83F5533-3118-4290-B116-A0B7C08D649E-200x300.jpeg 200w, https:\/\/maricatotal.com.br\/site\/wp-content\/uploads\/2019\/10\/B83F5533-3118-4290-B116-A0B7C08D649E-768x1152.jpeg 768w, https:\/\/maricatotal.com.br\/site\/wp-content\/uploads\/2019\/10\/B83F5533-3118-4290-B116-A0B7C08D649E.jpeg 853w\" sizes=\"auto, (max-width: 682px) 100vw, 682px\" \/><\/figure>\n\n\n\n<p>A Prefeitura de Maric\u00e1, a&nbsp;Companhia de Desenvolvimento de Maric\u00e1&nbsp;(Codemar) e a Associa\u00e7\u00e3o de Moradores do Espraiado (AMA) v\u00e3o realizar, entre os dias 18 e 20\/10, no Espraiado, a primeira edi\u00e7\u00e3o do festival gastron\u00f4mico Sabores da Ro\u00e7a.<\/p>\n\n\n\n<p>Al\u00e9m de valorizar o turismo no bairro rural mais charmoso da cidade, com cachoeiras e trilhas, onde a Mata Atl\u00e2ntica \u00e9 preservada, o evento busca evidenciar a gastronomia t\u00edpica do interior com seus atrativos e o trabalho dos empreendedores locais.<\/p>\n\n\n\n<p>A \u00e1rea gastron\u00f4mica ser\u00e1 composta por pratos que prometem agradar a todos os gostos, como bai\u00e3o de dois, galinha caipira, bolinho de aipim, torresmo, caruru, vatap\u00e1, al\u00e9m de caldos, petiscos e doces caseiros. Para acompanhar essas del\u00edcias, bebidas t\u00edpicas, cerveja artesanal e shows musicais.<\/p>\n\n\n\n<p>Entre as atra\u00e7\u00f5es est\u00e3o os cantores Bruno Berner, Edinho Manhoso, Marianna Cunha e a Banda TatudoEmCasa. Enquanto escuta o melhor da m\u00fasica sertaneja, de raiz e forr\u00f3 sendo interpretadas por artistas locais e convidados, quem passar pelo local tem acesso \u00e0 exposi\u00e7\u00e3o do que \u00e9 produzido no Espraiado, principalmente, artesanatos. J\u00e1 a crian\u00e7ada se diverte num espa\u00e7o feito especialmente para elas.<\/p>\n\n\n\n<p>A Secretaria de Agricultura, Pecu\u00e1ria &nbsp;e Pesca tamb\u00e9m estar\u00e1 presente fazendo uma grande mostra da agricultura familiar local. A programa\u00e7\u00e3o completa voc\u00ea confere abaixo.<\/p>\n\n\n\n<p>Programa\u00e7\u00e3o:<\/p>\n\n\n\n<p><strong>Dia 18\/10 (Sexta-feira)<\/strong><\/p>\n\n\n\n<p>18h \u2013 Abertura com DJ Accqua<\/p>\n\n\n\n<p>20h \u2013 Show com o cantor Rhoan Victor<\/p>\n\n\n\n<p>22h \u2013 Show com a Banda TatudoEmCasa<\/p>\n\n\n\n<p><strong>Dia 19\/10 (S\u00e1bado)<\/strong><\/p>\n\n\n\n<p>12h \u2013 Abertura com som mec\u00e2nico<\/p>\n\n\n\n<p>14h \u2013 DJ Rodrigo Systema<\/p>\n\n\n\n<p>17h \u2013 Show com o cantor Bruno Berner<\/p>\n\n\n\n<p>20h \u2013 Show com o grupo Viola de Seis<\/p>\n\n\n\n<p>22h \u2013 Show com o cantor Edinho Manhoso<\/p>\n\n\n\n<p><strong>Dia 20\/10 (Domingo)<\/strong><\/p>\n\n\n\n<p>12h \u2013 Abertura com som mec\u00e2nico<\/p>\n\n\n\n<p>14h \u2013 DJ Accqua<\/p>\n\n\n\n<p>15h \u2013 Show de voz e viol\u00e3o com Edy Baiano<\/p>\n\n\n\n<p>17h \u2013 Show com a cantora Marianna Cunha<\/p>\n\n\n\n<p>19h \u2013 Show com Betinho Bahia e Ismayer Alves<\/p>\n","protected":false},"excerpt":{"rendered":"<p>A Prefeitura de Maric\u00e1, a&nbsp;Companhia de Desenvolvimento de Maric\u00e1&nbsp;(Codemar) e a Associa\u00e7\u00e3o de Moradores do Espraiado (AMA) v\u00e3o realizar, entre<\/p>\n","protected":false},"author":1,"featured_media":0,"comment_status":"open","ping_status":"open","sticky":false,"template":"","format":"standard","meta":{"colormag_page_container_layout":"default_layout","colormag_page_sidebar_layout":"default_layout","footnotes":""},"categories":[18],"tags":[],"class_list":["post-3695","post","type-post","status-publish","format-standard","hentry","category-entretenimento"],"amp_enabled":true,"_links":{"self":[{"href":"https:\/\/maricatotal.com.br\/site\/wp-json\/wp\/v2\/posts\/3695","targetHints":{"allow":["GET"]}}],"collection":[{"href":"https:\/\/maricatotal.com.br\/site\/wp-json\/wp\/v2\/posts"}],"about":[{"href":"https:\/\/maricatotal.com.br\/site\/wp-json\/wp\/v2\/types\/post"}],"author":[{"embeddable":true,"href":"https:\/\/maricatotal.com.br\/site\/wp-json\/wp\/v2\/users\/1"}],"replies":[{"embeddable":true,"href":"https:\/\/maricatotal.com.br\/site\/wp-json\/wp\/v2\/comments?post=3695"}],"version-history":[{"count":0,"href":"https:\/\/maricatotal.com.br\/site\/wp-json\/wp\/v2\/posts\/3695\/revisions"}],"wp:attachment":[{"href":"https:\/\/maricatotal.com.br\/site\/wp-json\/wp\/v2\/media?parent=3695"}],"wp:term":[{"taxonomy":"category","embeddable":true,"href":"https:\/\/maricatotal.com.br\/site\/wp-json\/wp\/v2\/categories?post=3695"},{"taxonomy":"post_tag","embeddable":true,"href":"https:\/\/maricatotal.com.br\/site\/wp-json\/wp\/v2\/tags?post=3695"}],"curies":[{"name":"wp","href":"https:\/\/api.w.org\/{rel}","templated":true}]}}