{"id":37061,"date":"2022-05-09T16:43:39","date_gmt":"2022-05-09T19:43:39","guid":{"rendered":"https:\/\/maricatotal.com.br\/site\/?p=37061"},"modified":"2022-05-09T16:43:41","modified_gmt":"2022-05-09T19:43:41","slug":"prefeitura-de-marica-realiza-o-vi-encontro-de-enfermagem-do-municipio","status":"publish","type":"post","link":"https:\/\/maricatotal.com.br\/site\/2022\/05\/09\/prefeitura-de-marica-realiza-o-vi-encontro-de-enfermagem-do-municipio\/","title":{"rendered":"Prefeitura de Maric\u00e1 realiza o VI Encontro de Enfermagem do munic\u00edpio"},"content":{"rendered":"\n<p>A Prefeitura de Maric\u00e1, por meio da Secretaria Municipal de Sa\u00fade, em parceria com o Movimento dos Ativistas da Enfermagem Brasileira (MAE), realiza na sexta-feira (20\/05) o VI Encontro de Enfermagem de Maric\u00e1, no audit\u00f3rio da Igreja Batista Atos 2, em Itapeba.&nbsp; Com o tema \u201cEnfermagem, uma voz para liderar \u2013 Investimento na Enfermagem em respeito aos seus direitos para garantir a sa\u00fade global\u201d, a programa\u00e7\u00e3o pretende destacar o profissional como ponto central em busca do sucesso na profiss\u00e3o e vai contar com a participa\u00e7\u00e3o de especialistas da \u00e1rea.<\/p>\n\n\n\n<p>Para participar \u00e9 necess\u00e1rio fazer a inscri\u00e7\u00e3o pelo link: https:\/\/bit.ly\/Encontroenfermagemmarica. O evento \u00e9 dedicado a todos os profissionais da \u00e1rea da enfermagem do munic\u00edpio, das Unidades de Sa\u00fade da Fam\u00edlia, dos hospitais municipais Conde Modesto Leal e Dr. Ernesto Che Guevara, da Unidade de Pronto Atendimento (UPA). Profissionais do Conselho Regional de Enfermagem do Rio de Janeiro (Coren) tamb\u00e9m ir\u00e3o participar do dia de atividades.<\/p>\n\n\n\n<p>\u201cEm tempos de pandemia, a valoriza\u00e7\u00e3o do trabalho dos profissionais da Enfermagem ganhou uma nova perspectiva, por isso iremos homenagear esses profissionais que, mesmo com todas as adversidades, continuaram trabalhando para garantir o cuidado integral na preven\u00e7\u00e3o, promo\u00e7\u00e3o e na assist\u00eancia \u00e0 sa\u00fade \u201c, destacou a coordenadora de Aten\u00e7\u00e3o Prim\u00e1ria em Sa\u00fade, Shirley Linhares.<\/p>\n\n\n\n<p><strong>Confira a programa\u00e7\u00e3o:<\/strong><\/p>\n\n\n\n<p>8h \u2013 Credenciamento<\/p>\n\n\n\n<p>9h- Solenidade de Abertura<\/p>\n\n\n\n<p>9h15 \u2013 Mesa de abertura: \u201cO Futuro da Enfermagem e seus Avan\u00e7os\u201d<\/p>\n\n\n\n<p>10h \u00e0s 11h30 \u2013 Entrega das Mo\u00e7\u00f5es<\/p>\n\n\n\n<p>12h \u00e0s 13h00 \u2013 Mesa Redonda \u201cO processo de forma\u00e7\u00e3o em Enfermagem: caminhos para a valoriza\u00e7\u00e3o do trabalho e constru\u00e7\u00e3o de uma sociedade inclusiva\u201d<\/p>\n\n\n\n<p>13h20- Intervalo para lanche<\/p>\n\n\n\n<p>14h \u00e0s 17h \u2013 Capacita COREN-RJ<\/p>\n","protected":false},"excerpt":{"rendered":"<p>A Prefeitura de Maric\u00e1, por meio da Secretaria Municipal de Sa\u00fade, em parceria com o Movimento dos Ativistas da Enfermagem<\/p>\n","protected":false},"author":1,"featured_media":37063,"comment_status":"open","ping_status":"open","sticky":false,"template":"","format":"standard","meta":{"colormag_page_container_layout":"default_layout","colormag_page_sidebar_layout":"default_layout","footnotes":""},"categories":[18],"tags":[],"class_list":["post-37061","post","type-post","status-publish","format-standard","has-post-thumbnail","hentry","category-entretenimento"],"amp_enabled":true,"_links":{"self":[{"href":"https:\/\/maricatotal.com.br\/site\/wp-json\/wp\/v2\/posts\/37061","targetHints":{"allow":["GET"]}}],"collection":[{"href":"https:\/\/maricatotal.com.br\/site\/wp-json\/wp\/v2\/posts"}],"about":[{"href":"https:\/\/maricatotal.com.br\/site\/wp-json\/wp\/v2\/types\/post"}],"author":[{"embeddable":true,"href":"https:\/\/maricatotal.com.br\/site\/wp-json\/wp\/v2\/users\/1"}],"replies":[{"embeddable":true,"href":"https:\/\/maricatotal.com.br\/site\/wp-json\/wp\/v2\/comments?post=37061"}],"version-history":[{"count":1,"href":"https:\/\/maricatotal.com.br\/site\/wp-json\/wp\/v2\/posts\/37061\/revisions"}],"predecessor-version":[{"id":37064,"href":"https:\/\/maricatotal.com.br\/site\/wp-json\/wp\/v2\/posts\/37061\/revisions\/37064"}],"wp:featuredmedia":[{"embeddable":true,"href":"https:\/\/maricatotal.com.br\/site\/wp-json\/wp\/v2\/media\/37063"}],"wp:attachment":[{"href":"https:\/\/maricatotal.com.br\/site\/wp-json\/wp\/v2\/media?parent=37061"}],"wp:term":[{"taxonomy":"category","embeddable":true,"href":"https:\/\/maricatotal.com.br\/site\/wp-json\/wp\/v2\/categories?post=37061"},{"taxonomy":"post_tag","embeddable":true,"href":"https:\/\/maricatotal.com.br\/site\/wp-json\/wp\/v2\/tags?post=37061"}],"curies":[{"name":"wp","href":"https:\/\/api.w.org\/{rel}","templated":true}]}}