{"id":3743,"date":"2019-10-08T02:19:30","date_gmt":"2019-10-08T05:19:30","guid":{"rendered":"http:\/\/maricatotal.com.br\/site\/?p=3743"},"modified":"2019-10-08T02:19:32","modified_gmt":"2019-10-08T05:19:32","slug":"ceo-realiza-mutirao-de-cirurgias-odontologicas-para-diminuir-demanda-do-municipio","status":"publish","type":"post","link":"https:\/\/maricatotal.com.br\/site\/2019\/10\/08\/ceo-realiza-mutirao-de-cirurgias-odontologicas-para-diminuir-demanda-do-municipio\/","title":{"rendered":"CEO REALIZA MUTIR\u00c3O DE CIRURGIAS ODONTOL\u00d3GICAS PARA DIMINUIR DEMANDA DO MUNIC\u00cdPIO"},"content":{"rendered":"\n<figure class=\"wp-block-image\"><img loading=\"lazy\" decoding=\"async\" width=\"1024\" height=\"683\" src=\"http:\/\/maricatotal.com.br\/site\/wp-content\/uploads\/2019\/10\/7A6EB014-B0EA-42BB-8049-67197AABBF03-1024x683.jpeg\" alt=\"\" class=\"wp-image-3744\" srcset=\"https:\/\/maricatotal.com.br\/site\/wp-content\/uploads\/2019\/10\/7A6EB014-B0EA-42BB-8049-67197AABBF03-1024x683.jpeg 1024w, https:\/\/maricatotal.com.br\/site\/wp-content\/uploads\/2019\/10\/7A6EB014-B0EA-42BB-8049-67197AABBF03-300x200.jpeg 300w, https:\/\/maricatotal.com.br\/site\/wp-content\/uploads\/2019\/10\/7A6EB014-B0EA-42BB-8049-67197AABBF03-768x512.jpeg 768w, https:\/\/maricatotal.com.br\/site\/wp-content\/uploads\/2019\/10\/7A6EB014-B0EA-42BB-8049-67197AABBF03.jpeg 1200w\" sizes=\"auto, (max-width: 1024px) 100vw, 1024px\" \/><\/figure>\n\n\n\n<p>Com o objetivo de reduzir a demanda de procedimentos cir\u00fargicos odontol\u00f3gicos no munic\u00edpio, que chega a 48 por semana, a Secretaria de Sa\u00fade realizou no \u00faltimo s\u00e1bado (05\/10) o mutir\u00e3o de cirurgias odontol\u00f3gicas.<\/p>\n\n\n\n<p>A a\u00e7\u00e3o aconteceu na&nbsp;Cl\u00ednica de Ortodontia do Centro de Especialidades Odontol\u00f3gicas (CEO), localizada na Avenida Prefeito Ivan Mundin, 737, no Boqueir\u00e3o.<\/p>\n\n\n\n<p>Para atender \u00e0 popula\u00e7\u00e3o, o local contou com o refor\u00e7o da unidade m\u00f3vel, al\u00e9m de disponibilizar os seis consult\u00f3rios dent\u00e1rios. Em cada um deles havia uma equipe composta por tr\u00eas cirurgi\u00f5es: um especialista em bucomaxilo, um especialista em cirurgia e mais um auxiliar de sa\u00fade bucal.<\/p>\n\n\n\n<p>\u201cVamos fazer uma m\u00e9dia de 10 atendimentos por consult\u00f3rio na parte da manh\u00e3 e mais 10 no per\u00edodo da tarde. O objetivo \u00e9 sanarmos essa demanda alta de cirurgias que temos no munic\u00edpio e darmos celeridade para fazer uma marca\u00e7\u00e3o imediata. At\u00e9 na semana passada, por exemplo, est\u00e1vamos com agenda somente para dezembro. Ent\u00e3o resolvemos fazer esse mutir\u00e3o em parceria com a equipe de bucomaxilo do Hospital Municipal Conde Modesto Leal\u201d, explicou a coordenadora do CEO, Suany Marins.<\/p>\n\n\n\n<p>Ao sair da unidade m\u00f3vel com sua beb\u00ea de quatro meses no colo ap\u00f3s ela fazer um procedimento de frenectomia (remo\u00e7\u00e3o do freio labial), Tuane Faria de Souza, de 32 anos, elogiou a rapidez do processo.<\/p>\n\n\n\n<p>\u201cEstava com medo da cirurgia por ela ser uma bebezinha, mas foi muito r\u00e1pido. Sei que quanto mais cedo for feita essa cirurgia, melhor para ela\u201d, observou a auxiliar de creche. A paciente se submeteu ao procedimento, pois sua l\u00edngua atrapalhava na amamenta\u00e7\u00e3o.<\/p>\n\n\n\n<p>Acompanhando seu filho Yago Carvalho, de 13 anos, que precisou realizar um procedimento cir\u00fargico ap\u00f3s colocar aparelho dent\u00e1rio, Viviane Carvalho, de 36 anos, parabenizou a qualidade e a celeridade do servi\u00e7o.<\/p>\n\n\n\n<p>\u201cNa segunda-feira viemos fazer a coloca\u00e7\u00e3o do aparelho e j\u00e1 tive a oportunidade de marcar a cirurgia dele para hoje\u201d, relatou. \u201cSe n\u00e3o tivesse essa chance aqui hoje s\u00f3 conseguiria em dezembro ou no ano que vem. \u00c9 uma oportunidade que vai ajudar bastante a popula\u00e7\u00e3o de Maric\u00e1\u201d, acrescentou a enfermeira, que tamb\u00e9m \u00e9 assistida pela equipe no tratamento de obtura\u00e7\u00e3o.<\/p>\n\n\n\n<p>Morando h\u00e1 pouco tempo no munic\u00edpio, William Matheus Nascimento, de 26 anos, tamb\u00e9m atentou para a rapidez no procedimento. \u201cN\u00e3o tem compara\u00e7\u00e3o. L\u00e1 no Rio de Janeiro temos que esperar cerca de 1 a 2 anos para poder fazer esse servi\u00e7o. Temos que ficar na fila do Sisreg (Sistema de Regula\u00e7\u00e3o) e aqui eu consegui em menos de um m\u00eas\u201d, avaliou o atendente que veio de Pilares, na Zona Norte da capital fluminense.<\/p>\n","protected":false},"excerpt":{"rendered":"<p>Com o objetivo de reduzir a demanda de procedimentos cir\u00fargicos odontol\u00f3gicos no munic\u00edpio, que chega a 48 por semana, a<\/p>\n","protected":false},"author":1,"featured_media":0,"comment_status":"open","ping_status":"open","sticky":false,"template":"","format":"standard","meta":{"colormag_page_container_layout":"default_layout","colormag_page_sidebar_layout":"default_layout","footnotes":""},"categories":[14],"tags":[],"class_list":["post-3743","post","type-post","status-publish","format-standard","hentry","category-bairros"],"amp_enabled":true,"_links":{"self":[{"href":"https:\/\/maricatotal.com.br\/site\/wp-json\/wp\/v2\/posts\/3743","targetHints":{"allow":["GET"]}}],"collection":[{"href":"https:\/\/maricatotal.com.br\/site\/wp-json\/wp\/v2\/posts"}],"about":[{"href":"https:\/\/maricatotal.com.br\/site\/wp-json\/wp\/v2\/types\/post"}],"author":[{"embeddable":true,"href":"https:\/\/maricatotal.com.br\/site\/wp-json\/wp\/v2\/users\/1"}],"replies":[{"embeddable":true,"href":"https:\/\/maricatotal.com.br\/site\/wp-json\/wp\/v2\/comments?post=3743"}],"version-history":[{"count":0,"href":"https:\/\/maricatotal.com.br\/site\/wp-json\/wp\/v2\/posts\/3743\/revisions"}],"wp:attachment":[{"href":"https:\/\/maricatotal.com.br\/site\/wp-json\/wp\/v2\/media?parent=3743"}],"wp:term":[{"taxonomy":"category","embeddable":true,"href":"https:\/\/maricatotal.com.br\/site\/wp-json\/wp\/v2\/categories?post=3743"},{"taxonomy":"post_tag","embeddable":true,"href":"https:\/\/maricatotal.com.br\/site\/wp-json\/wp\/v2\/tags?post=3743"}],"curies":[{"name":"wp","href":"https:\/\/api.w.org\/{rel}","templated":true}]}}