{"id":37470,"date":"2022-05-18T08:11:35","date_gmt":"2022-05-18T11:11:35","guid":{"rendered":"https:\/\/maricatotal.com.br\/site\/?p=37470"},"modified":"2022-05-19T11:26:17","modified_gmt":"2022-05-19T14:26:17","slug":"ept-amplia-linha-de-onibus-no-dia-do-aniversario-de-marica","status":"publish","type":"post","link":"https:\/\/maricatotal.com.br\/site\/2022\/05\/18\/ept-amplia-linha-de-onibus-no-dia-do-aniversario-de-marica\/","title":{"rendered":"EPT amplia linha de \u00f4nibus no dia do anivers\u00e1rio de Maric\u00e1"},"content":{"rendered":"\n<p>A Prefeitura de Maric\u00e1, por meio da Empresa P\u00fablica de Transporte (EPT), informa que a partir do dia 26\/05, data em que a cidade comemora 208 anos, o itiner\u00e1rio da linha E13 (Itapeba) ser\u00e1 ampliado, passando a atender tamb\u00e9m os moradores do Parque Nanci.<\/p>\n\n\n\n<p>Com a altera\u00e7\u00e3o, as sa\u00eddas contar\u00e3o com intervalos de 30 minutos, tanto da Rodovi\u00e1ria de Maric\u00e1 (Centro) quanto do ponto final do \u00f4nibus, no Parque Nanci. Al\u00e9m disso, os coletivos s\u00f3 passar\u00e3o pelo Jo\u00e3o Portugu\u00eas uma vez, no retorno, sentido Centro da cidade.<\/p>\n\n\n\n<p>\u201cA amplia\u00e7\u00e3o do percurso foi regulamentada pela Secretaria de Transportes e ser\u00e1 executada pela EPT, para atender um trecho importante que ainda n\u00e3o era contemplado na regi\u00e3o do Parque Nanci, passando pela orla revitalizada do bairro\u201d, explica Celso Haddad, presidente da EPT.<\/p>\n\n\n\n<p>Os hor\u00e1rios atualizados estar\u00e3o dispon\u00edveis no site da empresa (www.eptmarica.rj.gov.br) e no aplicativo \u201cEPT Maric\u00e1\u201d a partir do dia 26\/05.<\/p>\n\n\n\n<p><strong>Novo itiner\u00e1rio da linha E13<\/strong><br>Ida: Rodovi\u00e1ria \u2013 Av. Roberto Silveira \u2013 Rua Abreu Sodr\u00e9 \u2013 Estrada Velha de Maric\u00e1 \u2013 Rua Albatroz \u2013 Rua Condor \u2013 Estrada Velha de Maric\u00e1 \u2013 Rua Juiz Oswaldo Lima Rodrigues \u2013 Rua Beija Flor \u2013 Rua Mandarim \u2013 Rua das \u00c1guias \u2013 Pra\u00e7a do Parque Nanci.<\/p>\n\n\n\n<p>Volta: Av. dos Pombos \u2013 Rua Condor \u2013 Rua Albatroz \u2013 Estrada Velha de Maric\u00e1 \u2013 Rua Vereador Aloisio Rangel de Freitas \u2013 Rua Ant\u00f4nio Jos\u00e9 da Cruz \u2013 Rua F \u2013 Rua Vereador Aloisio Rangel de Freitas \u2013 Estrada Velha de Maric\u00e1 \u2013 Rua Abreu Sodr\u00e9 \u2013 Rua Joaquim Eug\u00eanio dos Santos \u2013 Rua Bar\u00e3o de Ino\u00e3 \u2013 Rua \u00c1lvares de Castro \u2013 Rua Almeida Fagundes \u2013 Rua Nossa Senhora do Amparo \u2013 Rua L\u00facio Alves da Silva \u2013 Rua Cl\u00edmaco Pereira \u2013 Rua Dom\u00edcio da Gama \u2013Rua Padre Arlindo Vieira \u2013 Rua Cl\u00edmaco Pereira \u2013 Rua Soares de Souza \u2013 Rua Ari Spindola \u2013 Av. Roberto Silveira \u2013 Rodovi\u00e1ria.<\/p>\n","protected":false},"excerpt":{"rendered":"<p>A Prefeitura de Maric\u00e1, por meio da Empresa P\u00fablica de Transporte (EPT), informa que a partir do dia 26\/05, data<\/p>\n","protected":false},"author":1,"featured_media":37472,"comment_status":"open","ping_status":"open","sticky":false,"template":"","format":"standard","meta":{"colormag_page_container_layout":"default_layout","colormag_page_sidebar_layout":"default_layout","footnotes":""},"categories":[14,38],"tags":[],"class_list":["post-37470","post","type-post","status-publish","format-standard","has-post-thumbnail","hentry","category-bairros","category-wordpress"],"amp_enabled":true,"_links":{"self":[{"href":"https:\/\/maricatotal.com.br\/site\/wp-json\/wp\/v2\/posts\/37470","targetHints":{"allow":["GET"]}}],"collection":[{"href":"https:\/\/maricatotal.com.br\/site\/wp-json\/wp\/v2\/posts"}],"about":[{"href":"https:\/\/maricatotal.com.br\/site\/wp-json\/wp\/v2\/types\/post"}],"author":[{"embeddable":true,"href":"https:\/\/maricatotal.com.br\/site\/wp-json\/wp\/v2\/users\/1"}],"replies":[{"embeddable":true,"href":"https:\/\/maricatotal.com.br\/site\/wp-json\/wp\/v2\/comments?post=37470"}],"version-history":[{"count":1,"href":"https:\/\/maricatotal.com.br\/site\/wp-json\/wp\/v2\/posts\/37470\/revisions"}],"predecessor-version":[{"id":37473,"href":"https:\/\/maricatotal.com.br\/site\/wp-json\/wp\/v2\/posts\/37470\/revisions\/37473"}],"wp:featuredmedia":[{"embeddable":true,"href":"https:\/\/maricatotal.com.br\/site\/wp-json\/wp\/v2\/media\/37472"}],"wp:attachment":[{"href":"https:\/\/maricatotal.com.br\/site\/wp-json\/wp\/v2\/media?parent=37470"}],"wp:term":[{"taxonomy":"category","embeddable":true,"href":"https:\/\/maricatotal.com.br\/site\/wp-json\/wp\/v2\/categories?post=37470"},{"taxonomy":"post_tag","embeddable":true,"href":"https:\/\/maricatotal.com.br\/site\/wp-json\/wp\/v2\/tags?post=37470"}],"curies":[{"name":"wp","href":"https:\/\/api.w.org\/{rel}","templated":true}]}}