{"id":37665,"date":"2022-05-21T13:02:17","date_gmt":"2022-05-21T16:02:17","guid":{"rendered":"https:\/\/maricatotal.com.br\/site\/?p=37665"},"modified":"2022-05-21T13:02:18","modified_gmt":"2022-05-21T16:02:18","slug":"sexto-encontro-de-enfermagem-de-marica-aborda-a-importancia-dos-profissionais-e-investimentos-na-area","status":"publish","type":"post","link":"https:\/\/maricatotal.com.br\/site\/2022\/05\/21\/sexto-encontro-de-enfermagem-de-marica-aborda-a-importancia-dos-profissionais-e-investimentos-na-area\/","title":{"rendered":"Sexto Encontro de Enfermagem de Maric\u00e1 aborda a import\u00e2ncia dos profissionais e investimentos na \u00e1rea"},"content":{"rendered":"\n<p class=\"wp-block-paragraph\">A Prefeitura de Maric\u00e1, por meio da Secretaria Municipal de Sa\u00fade, promoveu nesta sexta-feira (20\/05), o VI Encontro de Enfermagem de Maric\u00e1, com o tema \u201cEnfermagem, uma voz para liderar \u2013 Investimento na Enfermagem em respeito aos seus direitos para garantir a sa\u00fade global\u201d. O evento simboliza a Semana Municipal de Enfermagem e foi realizado em parceria com o Movimento dos Ativistas da Enfermagem Brasileira (MAE), abordando a viv\u00eancia dos profissionais da \u00e1rea, os maiores desafios enfrentados no dia a dia, al\u00e9m de homenagear enfermeiros, t\u00e9cnicos e auxiliares de enfermagem \u2014 principalmente pelo empenho na luta contra a covid-19.<\/p>\n\n\n\n<p class=\"wp-block-paragraph\">A atividade ocorreu no audit\u00f3rio da Igreja Batista Atos 2, em Itapeba, e contou com a presen\u00e7a de profissionais da \u00e1rea da enfermagem das Unidades de Sa\u00fade da Fam\u00edlia (USFs) de Maric\u00e1, dos hospitais municipais Conde Modesto Leal (no Centro) e Dr. Ernesto Che Guevara (em S\u00e3o Jos\u00e9 do Imbassa\u00ed), assim como da Unidade de Pronto Atendimento (UPA) de Ino\u00e3 e Posto Santa Rita, em Itaipua\u00e7u. Tamb\u00e9m estiveram presentes profissionais do Conselho Regional de Enfermagem do Rio de Janeiro (Coren-RJ); a deputada estadual e enfermeira Rejane de Almeida, membro da comiss\u00e3o de Sa\u00fade da Alerj; al\u00e9m do presidente da Comiss\u00e3o de Sa\u00fade da C\u00e2mara Municipal de Maric\u00e1, vereador Richard Alter.<\/p>\n\n\n\n<p class=\"wp-block-paragraph\">A secret\u00e1ria de Sa\u00fade, Solange Oliveira, deixou uma mensagem para os presentes, homenageando a luta hist\u00f3rica dos profissionais da enfermagem e o trabalho deles em Maric\u00e1.<\/p>\n\n\n\n<p class=\"wp-block-paragraph\">\u201cQuando algu\u00e9m faz a op\u00e7\u00e3o por cuidar do outro est\u00e1 exercendo a empatia no seu maior grau. O trabalho dos profissionais de enfermagem \u00e9 maravilhoso, especial e essencial, e isso foi evidenciado durante a crise sanit\u00e1ria. Esse per\u00edodo mostrou que a atua\u00e7\u00e3o dessas equipes \u00e9 fundamental, determinante para qualquer enfrentamento e isso n\u00e3o pode ser esquecido. \u00c9 o momento de cobrar o justo: a valoriza\u00e7\u00e3o do profissional de enfermagem, nas suas jornadas, condi\u00e7\u00f5es de trabalho e na remunera\u00e7\u00e3o digna. Parab\u00e9ns pela semana dedicada e pela luta hist\u00f3rica pela sa\u00fade\u201d, afirmou.<\/p>\n\n\n\n<p class=\"wp-block-paragraph\"><strong>Encontro uniu mobiliza\u00e7\u00e3o e troca de conhecimentos<\/strong><\/p>\n\n\n\n<p class=\"wp-block-paragraph\">O evento foi aberto com J\u00f4 Borges, que entoou o hino nacional, seguindo com a cerim\u00f4nia do acender da l\u00e2mpada \u2014 rito s\u00edmbolo da enfermagem. A primeira mesa de discuss\u00f5es teve in\u00edcio com o tema \u201cO Futuro da Enfermagem e seus Avan\u00e7os\u201d, apresentando perspectivas para a atua\u00e7\u00e3o dos profissionais da \u00e1rea, principais conquistas obtidas nos \u00faltimos anos e os desafios que ainda precisam ser enfrentados. A enfermeira Luana Rodrigues, subsecret\u00e1ria da Rede de Aten\u00e7\u00e3o e Sa\u00fade Coletiva, participou da mesa e assegurou que o evento \u00e9 uma ferramenta para reconhecer a import\u00e2ncia dos profissionais da enfermagem, ressaltando o papel da organiza\u00e7\u00e3o e da humaniza\u00e7\u00e3o nesse processo.<\/p>\n\n\n\n<p class=\"wp-block-paragraph\">\u201cEnfermagem \u00e9 ocupar espa\u00e7os e ter enfermeiros na gest\u00e3o \u00e9 uma forma de reconhecer a import\u00e2ncia dos profissionais da \u00e1rea. \u00c9 fundamental nos unirmos e nos organizarmos, lutando pela valoriza\u00e7\u00e3o profissional com responsabilidade. Assumimos nosso papel atrav\u00e9s do conhecimento e devemos pontuar os avan\u00e7os tecnol\u00f3gicos que contribuem para nossa atua\u00e7\u00e3o,&nbsp; mas nunca devemos perder a ess\u00eancia do nosso trabalho, que \u00e9 o cuidado ao pr\u00f3ximo\u201d, salientou.<\/p>\n\n\n\n<p class=\"wp-block-paragraph\">Shirley Linhares, coordenadora de Aten\u00e7\u00e3o Prim\u00e1ria \u00e0 Sa\u00fade, destacou o simbolismo do encontro, unindo reconhecimento \u00e0 luta dos profissionais da enfermagem e valoriza\u00e7\u00e3o da \u00e1rea.<\/p>\n\n\n\n<p class=\"wp-block-paragraph\">\u201cEsse evento marca o fortalecimento da enfermagem no Brasil e, principalmente, em Maric\u00e1. Durante momentos dif\u00edceis da pandemia, esses profissionais foram extremamente presentes, logo o encontro \u00e9 uma maneira de agradecer por todo o trabalho que eles v\u00eam desenvolvendo para a popula\u00e7\u00e3o. Al\u00e9m disso, com a atividade, simbolizamos o Dia do Enfermeiro (12\/05), e o Dia do T\u00e9cnico de Enfermagem, celebrado em 20\/05\u201d, refor\u00e7ou.<\/p>\n\n\n\n<p class=\"wp-block-paragraph\">Ao final da manh\u00e3, foram entregues mo\u00e7\u00f5es a profissionais da enfermagem e pessoas que simbolizam a luta pela valoriza\u00e7\u00e3o profissional da categoria.<\/p>\n\n\n\n<p class=\"wp-block-paragraph\"><strong>Mesa redonda e capacita\u00e7\u00e3o marcam as atividades da tarde<\/strong><\/p>\n\n\n\n<p class=\"wp-block-paragraph\">O evento continuou, \u00e0 tarde, com a mesa redonda \u201cO processo de forma\u00e7\u00e3o em Enfermagem: caminhos para a valoriza\u00e7\u00e3o do trabalho e constru\u00e7\u00e3o de uma sociedade inclusiva\u201d, promovendo di\u00e1logos integrativos entre os processos de forma\u00e7\u00e3o profissional e pol\u00edticas de valoriza\u00e7\u00e3o \u00e0 \u00e1rea da enfermagem.<\/p>\n\n\n\n<p class=\"wp-block-paragraph\">Depois, encerrando o encontro, os presentes puderam adquirir novos conhecimentos e ter contato com diferentes pr\u00e1ticas relacionadas \u00e0 enfermagem no \u201cCapacita Coren-RJ\u201d, iniciativa do Conselho Regional de Enfermagem que oferece capacita\u00e7\u00f5es aos profissionais em v\u00e1rias frentes.<\/p>\n\n\n\n<p class=\"wp-block-paragraph\"><strong>Homenagem \u00e0 enfermagem tamb\u00e9m na Rede de Urg\u00eancia e Emerg\u00eancia<\/strong><\/p>\n\n\n\n<p class=\"wp-block-paragraph\">Outra atividade que celebrou a Semana Municipal de Enfermagem foi promovida na quinta-feira (19), com uma noite de homenagens a enfermeiros e t\u00e9cnicos de enfermagem das unidades de sa\u00fade da Rede de Urg\u00eancia e Emerg\u00eancia (RUE), que contou com a entrega de trof\u00e9us aos profissionais. O evento foi realizado na Fazenda P\u00fablica Joaqu\u00edn Pi\u00f1ero (no Espraiado), em parceiria com as secretarias de Agricultura, Cultura e Turismo.<\/p>\n","protected":false},"excerpt":{"rendered":"<p>A Prefeitura de Maric\u00e1, por meio da Secretaria Municipal de Sa\u00fade, promoveu nesta sexta-feira (20\/05), o VI Encontro de Enfermagem<\/p>\n","protected":false},"author":1,"featured_media":37666,"comment_status":"open","ping_status":"open","sticky":false,"template":"","format":"standard","meta":{"colormag_page_container_layout":"default_layout","colormag_page_sidebar_layout":"default_layout","footnotes":""},"categories":[18],"tags":[],"class_list":["post-37665","post","type-post","status-publish","format-standard","has-post-thumbnail","hentry","category-entretenimento"],"amp_enabled":true,"_links":{"self":[{"href":"https:\/\/maricatotal.com.br\/site\/wp-json\/wp\/v2\/posts\/37665","targetHints":{"allow":["GET"]}}],"collection":[{"href":"https:\/\/maricatotal.com.br\/site\/wp-json\/wp\/v2\/posts"}],"about":[{"href":"https:\/\/maricatotal.com.br\/site\/wp-json\/wp\/v2\/types\/post"}],"author":[{"embeddable":true,"href":"https:\/\/maricatotal.com.br\/site\/wp-json\/wp\/v2\/users\/1"}],"replies":[{"embeddable":true,"href":"https:\/\/maricatotal.com.br\/site\/wp-json\/wp\/v2\/comments?post=37665"}],"version-history":[{"count":1,"href":"https:\/\/maricatotal.com.br\/site\/wp-json\/wp\/v2\/posts\/37665\/revisions"}],"predecessor-version":[{"id":37667,"href":"https:\/\/maricatotal.com.br\/site\/wp-json\/wp\/v2\/posts\/37665\/revisions\/37667"}],"wp:featuredmedia":[{"embeddable":true,"href":"https:\/\/maricatotal.com.br\/site\/wp-json\/wp\/v2\/media\/37666"}],"wp:attachment":[{"href":"https:\/\/maricatotal.com.br\/site\/wp-json\/wp\/v2\/media?parent=37665"}],"wp:term":[{"taxonomy":"category","embeddable":true,"href":"https:\/\/maricatotal.com.br\/site\/wp-json\/wp\/v2\/categories?post=37665"},{"taxonomy":"post_tag","embeddable":true,"href":"https:\/\/maricatotal.com.br\/site\/wp-json\/wp\/v2\/tags?post=37665"}],"curies":[{"name":"wp","href":"https:\/\/api.w.org\/{rel}","templated":true}]}}