{"id":37673,"date":"2022-05-21T13:06:24","date_gmt":"2022-05-21T16:06:24","guid":{"rendered":"https:\/\/maricatotal.com.br\/site\/?p=37673"},"modified":"2022-05-21T13:06:25","modified_gmt":"2022-05-21T16:06:25","slug":"marica-alunos-da-unopar-participam-de-dinamica-no-centro-de-referencia-em-politicas-inclusivas","status":"publish","type":"post","link":"https:\/\/maricatotal.com.br\/site\/2022\/05\/21\/marica-alunos-da-unopar-participam-de-dinamica-no-centro-de-referencia-em-politicas-inclusivas\/","title":{"rendered":"Maric\u00e1: Alunos da Unopar participam de din\u00e2mica no Centro de Refer\u00eancia em Pol\u00edticas Inclusivas"},"content":{"rendered":"\n<p>A Prefeitura de Maric\u00e1, por meio da Secretaria de Pol\u00edticas Inclusivas, promoveu nesta sexta-feira (20\/5) uma capacita\u00e7\u00e3o para um grupo de estudantes de Fisioterapia da faculdade Unopar. Os alunos do primeiro per\u00edodo participaram de palestras e tamb\u00e9m vivenciaram a necessidade das pessoas com defici\u00eancia. A din\u00e2mica foi realizada no Centro de Refer\u00eancia em Pol\u00edticas Inclusivas (CRPI), no Centro da cidade, que \u00e9 um espa\u00e7o totalmente adaptado para este p\u00fablico.<\/p>\n\n\n\n<p>O grande momento para os estudantes foi a hora de constatar a dificuldade de locomo\u00e7\u00e3o para quem \u00e9 cadeirante ou deficiente visual. A aluna Aline Barbosa, de 39 anos, circulou pela \u00e1rea utilizando uma cadeira de rodas e passou pelos diferentes terrenos preparados no local, chegando a ficar com a cadeira atolada na parte de terra batida.<\/p>\n\n\n\n<p>\u201cA sensa\u00e7\u00e3o que me deu foi de impot\u00eancia e imagino que a sensa\u00e7\u00e3o seja pior ainda para quem perde os movimentos ap\u00f3s um acidente, por exemplo\u201d, constatou ela, revelando que mudou o seu olhar para essas pessoas. \u201c\u00c9 preciso ter um olhar mais humano e procurar sempre facilitar a vida deles. \u00c9 a isso que quero me dedicar\u201d, afirmou a estudante.<\/p>\n\n\n\n<p>A coordenadora da atividade pela Unopar, Lorena Guimar\u00e3es, refor\u00e7ou a declara\u00e7\u00e3o da aluna e chamou a aten\u00e7\u00e3o para a disposi\u00e7\u00e3o do CRPI. \u201cAcho que deveria haver mais locais como este na cidade, onde a pessoa com defici\u00eancia tem tudo o que precisa. O caminho para tratar melhor essas pessoas \u00e9 a humaniza\u00e7\u00e3o e essa din\u00e2mica vai contribuir para isso\u201d, acredita ela.<\/p>\n\n\n\n<p>De acordo com Crys Perlingeiro, que coordena o centro de refer\u00eancia, o espa\u00e7o funciona das 8h \u00e0s 17h e est\u00e1 aberto para quem queira conhecer \u2013 grupos como o da Unopar devem agendar pelo telefone&nbsp;<a href=\"tel:3005-4107\">3005-4107<\/a>. \u201cO objetivo \u00e9&nbsp; levar \u00e0 popula\u00e7\u00e3o a viv\u00eancia e o conhecimento sobre essas necessidades. Temos aqui uma equipe multidisciplinar para dar o suporte completo\u201d.<\/p>\n","protected":false},"excerpt":{"rendered":"<p>A Prefeitura de Maric\u00e1, por meio da Secretaria de Pol\u00edticas Inclusivas, promoveu nesta sexta-feira (20\/5) uma capacita\u00e7\u00e3o para um grupo<\/p>\n","protected":false},"author":1,"featured_media":37675,"comment_status":"open","ping_status":"open","sticky":false,"template":"","format":"standard","meta":{"colormag_page_container_layout":"default_layout","colormag_page_sidebar_layout":"default_layout","footnotes":""},"categories":[18],"tags":[],"class_list":["post-37673","post","type-post","status-publish","format-standard","has-post-thumbnail","hentry","category-entretenimento"],"amp_enabled":true,"_links":{"self":[{"href":"https:\/\/maricatotal.com.br\/site\/wp-json\/wp\/v2\/posts\/37673","targetHints":{"allow":["GET"]}}],"collection":[{"href":"https:\/\/maricatotal.com.br\/site\/wp-json\/wp\/v2\/posts"}],"about":[{"href":"https:\/\/maricatotal.com.br\/site\/wp-json\/wp\/v2\/types\/post"}],"author":[{"embeddable":true,"href":"https:\/\/maricatotal.com.br\/site\/wp-json\/wp\/v2\/users\/1"}],"replies":[{"embeddable":true,"href":"https:\/\/maricatotal.com.br\/site\/wp-json\/wp\/v2\/comments?post=37673"}],"version-history":[{"count":1,"href":"https:\/\/maricatotal.com.br\/site\/wp-json\/wp\/v2\/posts\/37673\/revisions"}],"predecessor-version":[{"id":37676,"href":"https:\/\/maricatotal.com.br\/site\/wp-json\/wp\/v2\/posts\/37673\/revisions\/37676"}],"wp:featuredmedia":[{"embeddable":true,"href":"https:\/\/maricatotal.com.br\/site\/wp-json\/wp\/v2\/media\/37675"}],"wp:attachment":[{"href":"https:\/\/maricatotal.com.br\/site\/wp-json\/wp\/v2\/media?parent=37673"}],"wp:term":[{"taxonomy":"category","embeddable":true,"href":"https:\/\/maricatotal.com.br\/site\/wp-json\/wp\/v2\/categories?post=37673"},{"taxonomy":"post_tag","embeddable":true,"href":"https:\/\/maricatotal.com.br\/site\/wp-json\/wp\/v2\/tags?post=37673"}],"curies":[{"name":"wp","href":"https:\/\/api.w.org\/{rel}","templated":true}]}}