{"id":37913,"date":"2022-05-27T13:37:28","date_gmt":"2022-05-27T16:37:28","guid":{"rendered":"https:\/\/maricatotal.com.br\/site\/?p=37913"},"modified":"2022-05-27T13:37:30","modified_gmt":"2022-05-27T16:37:30","slug":"vanessa-da-mata-empolga-o-publico-na-festa-de-208-anos-de-marica","status":"publish","type":"post","link":"https:\/\/maricatotal.com.br\/site\/2022\/05\/27\/vanessa-da-mata-empolga-o-publico-na-festa-de-208-anos-de-marica\/","title":{"rendered":"Vanessa da Mata empolga o p\u00fablico na festa de 208 anos de Maric\u00e1\u00a0"},"content":{"rendered":"\n<p>A Prefeitura de Maric\u00e1 celebrou o anivers\u00e1rio de 208 anos da cidade com diversas atra\u00e7\u00f5es musicais nos quatro distritos na quinta-feira (26\/05), e a principal estrela da festa foi a cantora Vanessa Mata, que presenteou moradores e visitantes com um empolgante show na orla de Ara\u00e7atiba.<\/p>\n\n\n\n<p>Entre os sucessos apresentados por Vanessa da Mata estavam as famosas \u201cBoa Sorte\u201d, \u201cAinda Bem\u201d, \u201cN\u00e3o me deixe s\u00f3\u201d e \u201cHoje eu sei\u201d, al\u00e9m de m\u00fasicas do s\u00e9timo \u00e1lbum \u201cQuando Deixamos Nossos Beijos na Esquina\u201d, com achados po\u00e9ticos e melodias intuitivas.<\/p>\n\n\n\n<p><strong>A gente precisava e ela tamb\u00e9m<\/strong><\/p>\n\n\n\n<p>\u201cEu senti muito a presen\u00e7a do p\u00fablico e pra mim foi um presente. Eu estava precisando desse show, porque a gente vai de acordo com a vida, seguindo. Tem um momento em que a gente esquece das coisas que s\u00e3o legais e vai fazendo o trabalho da gente quase como um dever. Mas hoje foi um prazer. A cultura e o esporte s\u00e3o primordiais para que o adolescente n\u00e3o caia na desgra\u00e7a, para que as pessoas consigam ter prazer, endorfina no sentido bacana e saud\u00e1vel, e que a gente consegue propagar pensamentos\u201d, disse Vanessa.<\/p>\n\n\n\n<p>Para Vanessa da Mata, a m\u00fasica que mais agradou os maricaense foi Ai, ai, ai.<\/p>\n\n\n\n<p>\u201cN\u00e3o tem jeito, o povo se entrega e eu acho que \u00e9 uma m\u00fasica muito \u00edntima, que j\u00e1 fez um sucesso absoluto na minha gera\u00e7\u00e3o e agora faz sucesso na gera\u00e7\u00e3o nova. Ao mesmo tempo, ela n\u00e3o me impede de cantar outras m\u00fasicas que s\u00e3o importantes para a minha carreira\u201d, afirma Da Mata.<\/p>\n\n\n\n<p>Quem tamb\u00e9m se apresentou no local foi a maricaense Bruna Mandz, que estava radiante com o desafio de ter aberto o show de uma artista t\u00e3o importante e especial como a mato-grossense de 46 anos de idade e 30 de carreira, ap\u00f3s dois anos de pandemia, em que o anivers\u00e1rio da cidade foi comemorado apenas de forma virtual.<\/p>\n\n\n\n<p>A Banda Sinf\u00f4nica Ambulante voltou \u00e0 cidade e garantiu a anima\u00e7\u00e3o de todos que estavam na Pra\u00e7a Tiradentes.<\/p>\n\n\n\n<p><strong>Ex-BBB foi mestre de cerim\u00f4nia<\/strong><\/p>\n\n\n\n<p>Apresentador da noite, o ex-BBB Arthur Picoli tamb\u00e9m deixou o seu recado. \u201cSer\u00e1 que vai ter mais Arthur por aqui? Eu confesso que gostei e quero vir um dia agora para passear realmente e conhecer outros lugares. E como eu brinquei l\u00e1 em cima do palco, que se um dia eu fui o Arthur Picoli de Conduru, hoje no anivers\u00e1rio da cidade eu sou o Arthur de Maric\u00e1. Eu fiquei muito feliz mesmo e pode ter certeza que em breve eu volto aqui\u201d, avisou.<\/p>\n\n\n\n<p><strong>&nbsp;<\/strong><strong>E a festa continua<\/strong><\/p>\n\n\n\n<p>Nos outros pontos de comemora\u00e7\u00e3o, o p\u00fablico tamb\u00e9m estava animado. Na Pra\u00e7a dos Gavi\u00f5es, em Itaipua\u00e7u, os shows foram comandados pela Bateria Maricad\u00eancia da Escola de Samba Uni\u00e3o de Maric\u00e1, Jeff e L\u00e9o Lima. Em Ponta Negra, se apresentaram J\u00f4 Borges e o Rickson Maioli e na Orla das Amendoeiras, em S\u00e3o Jos\u00e9 do Imbassa\u00ed, Baby do Cavaco e Richard Vianna assumiram os vocais.<\/p>\n\n\n\n<p>Nesta sexta-feira, 27\/05, a festa continua com a apresenta\u00e7\u00e3o da cantora Marianna Cunha, a partir das 22h, no palco montado em Ara\u00e7atiba. Rafael Ca\u00e7ula e Richard Vianna se apresentam em Itaipua\u00e7u, Oh Sorte e Comich\u00e3o em Ponta Negra, Rhoan Victor e Rickson Maioli em S\u00e3o Jos\u00e9 do Imbassa\u00ed.<\/p>\n\n\n\n<p>A programa\u00e7\u00e3o musical vai at\u00e9 domingo, (29\/05) com shows de mais artistas locais nos palcos montados em Itaipua\u00e7u, S\u00e3o Jos\u00e9 do Imbassa\u00ed, Ponta Negra e Ara\u00e7atiba.<\/p>\n\n\n\n<p><strong>Veja a programa\u00e7\u00e3o completa<\/strong><\/p>\n\n\n\n<p><strong>27 de maio (sexta-feira):<\/strong><\/p>\n\n\n\n<p>Ara\u00e7atiba:<\/p>\n\n\n\n<p>19h \u2013 Rose Lima<\/p>\n\n\n\n<p>21h \u2013 Sinf\u00f4nica Ambulante<\/p>\n\n\n\n<p>22h \u2013 Mariana Cunha<\/p>\n\n\n\n<p>Pra\u00e7a dos Gavi\u00f5es, em Itaipua\u00e7u:<\/p>\n\n\n\n<p>19h \u2013&nbsp;Rafael Ca\u00e7ula<\/p>\n\n\n\n<p>21h \u2013 Richard Vianna<\/p>\n\n\n\n<p>Ponta Negra:<\/p>\n\n\n\n<p>19h \u2013 Oh sorte<\/p>\n\n\n\n<p>21h \u2013 Comich\u00e3o<\/p>\n\n\n\n<p>S\u00e3o Jos\u00e9 do Imbassa\u00ed:<\/p>\n\n\n\n<p>19h \u2013 Roahn Victor<\/p>\n\n\n\n<p>21h \u2013 Rickson Maioli<\/p>\n\n\n\n<p><strong>28 de maio (s\u00e1bado)<\/strong><\/p>\n\n\n\n<p>Ara\u00e7atiba:<\/p>\n\n\n\n<p>19h \u2013 Jorginho Doug<\/p>\n\n\n\n<p>21h \u2013 Rickson Maioli<\/p>\n\n\n\n<p>Pra\u00e7a dos Gavi\u00f5es, em Itaipua\u00e7u:<\/p>\n\n\n\n<p>19h \u2013 Thunder Rock<\/p>\n\n\n\n<p>21h \u2013 Comich\u00e3o<\/p>\n\n\n\n<p>Ponta Negra:<\/p>\n\n\n\n<p>19h \u2013 Betinho Bahia e Ismayer<\/p>\n\n\n\n<p>21h \u2013 Richard Vinna<\/p>\n\n\n\n<p>S\u00e3o Jos\u00e9 do Imbassa\u00ed:<\/p>\n\n\n\n<p>19h \u2013 Givan e Junior<\/p>\n\n\n\n<p>21h \u2013 L\u00e9o Lima<\/p>\n\n\n\n<p><strong>29 de maio (domingo)<\/strong><\/p>\n\n\n\n<p>Ara\u00e7atiba:<\/p>\n\n\n\n<p>19h \u2013 T\u00e1 tudo em casa<\/p>\n\n\n\n<p>21h \u2013 Richard Vianna<\/p>\n\n\n\n<p>Pra\u00e7a dos Gavi\u00f5es, em Itaipua\u00e7u:<\/p>\n\n\n\n<p>19h \u2013 Thiago Dantas<\/p>\n\n\n\n<p>21h \u2013 Rickson Maioli<\/p>\n\n\n\n<p>Ponta Negra:<\/p>\n\n\n\n<p>19h \u2013 Raquel Fonseca<\/p>\n\n\n\n<p>21h \u2013 L\u00e9o Lima<\/p>\n\n\n\n<p>S\u00e3o Jos\u00e9 do Imbassa\u00ed:<\/p>\n\n\n\n<p>19h \u2013 Moniquinha Angelo<\/p>\n\n\n\n<p>21h \u2013 Comich\u00e3o<\/p>\n","protected":false},"excerpt":{"rendered":"<p>A Prefeitura de Maric\u00e1 celebrou o anivers\u00e1rio de 208 anos da cidade com diversas atra\u00e7\u00f5es musicais nos quatro distritos na<\/p>\n","protected":false},"author":1,"featured_media":37914,"comment_status":"open","ping_status":"open","sticky":false,"template":"","format":"standard","meta":{"colormag_page_container_layout":"default_layout","colormag_page_sidebar_layout":"default_layout","footnotes":""},"categories":[18],"tags":[],"class_list":["post-37913","post","type-post","status-publish","format-standard","has-post-thumbnail","hentry","category-entretenimento"],"amp_enabled":true,"_links":{"self":[{"href":"https:\/\/maricatotal.com.br\/site\/wp-json\/wp\/v2\/posts\/37913","targetHints":{"allow":["GET"]}}],"collection":[{"href":"https:\/\/maricatotal.com.br\/site\/wp-json\/wp\/v2\/posts"}],"about":[{"href":"https:\/\/maricatotal.com.br\/site\/wp-json\/wp\/v2\/types\/post"}],"author":[{"embeddable":true,"href":"https:\/\/maricatotal.com.br\/site\/wp-json\/wp\/v2\/users\/1"}],"replies":[{"embeddable":true,"href":"https:\/\/maricatotal.com.br\/site\/wp-json\/wp\/v2\/comments?post=37913"}],"version-history":[{"count":1,"href":"https:\/\/maricatotal.com.br\/site\/wp-json\/wp\/v2\/posts\/37913\/revisions"}],"predecessor-version":[{"id":37916,"href":"https:\/\/maricatotal.com.br\/site\/wp-json\/wp\/v2\/posts\/37913\/revisions\/37916"}],"wp:featuredmedia":[{"embeddable":true,"href":"https:\/\/maricatotal.com.br\/site\/wp-json\/wp\/v2\/media\/37914"}],"wp:attachment":[{"href":"https:\/\/maricatotal.com.br\/site\/wp-json\/wp\/v2\/media?parent=37913"}],"wp:term":[{"taxonomy":"category","embeddable":true,"href":"https:\/\/maricatotal.com.br\/site\/wp-json\/wp\/v2\/categories?post=37913"},{"taxonomy":"post_tag","embeddable":true,"href":"https:\/\/maricatotal.com.br\/site\/wp-json\/wp\/v2\/tags?post=37913"}],"curies":[{"name":"wp","href":"https:\/\/api.w.org\/{rel}","templated":true}]}}