{"id":38078,"date":"2022-06-01T08:34:33","date_gmt":"2022-06-01T11:34:33","guid":{"rendered":"https:\/\/maricatotal.com.br\/site\/?p=38078"},"modified":"2022-06-01T08:34:34","modified_gmt":"2022-06-01T11:34:34","slug":"marica-prefeitura-promove-palestra-sobre-longevidade","status":"publish","type":"post","link":"https:\/\/maricatotal.com.br\/site\/2022\/06\/01\/marica-prefeitura-promove-palestra-sobre-longevidade\/","title":{"rendered":"Maric\u00e1: Prefeitura promove palestra sobre longevidade"},"content":{"rendered":"\n<p>A Prefeitura de Maric\u00e1, por meio da Secretaria de Pol\u00edticas para a Terceira Idade, promoveu na tarde desta ter\u00e7a-feira (31\/05), a palestra \u201cMuito al\u00e9m dos 60: sa\u00fade, trabalho e desafios da longevidade\u201d seguida de debate, voltado para alunos da unidade do Centro da Casa da Terceira Idade. A palestra foi ministrada pela fisioterapeuta e mestra em Sa\u00fade P\u00fablica, Priscila Pazos, e j\u00e1 est\u00e3o programados os pr\u00f3ximos encontros nos dias 14 e 28 de junho.<\/p>\n\n\n\n<p>Priscila abordou diversas quest\u00f5es que as pessoas acima dos 60 anos enfrentam no dia a dia, como o atendimento no com\u00e9rcio, bancos e em hospitais, os preconceitos sofridos pela idade e as dificuldades em encontrar oportunidades de trabalho em geral. Foram realizadas din\u00e2micas de grupo e um debate final com os participantes. Tamb\u00e9m foram apontadas dicas diversas de como as oficinas serem mais proveitosas.<\/p>\n\n\n\n<p>\u201cLevar conhecimento para os nossos idosos n\u00e3o tem pre\u00e7o. Essa casa \u00e9 feita para eles e temos como objetivo atender, cuidar e fomentar o conhecimento entre a melhor idade. Logo, meu objetivo \u00e9 sempre melhorar a qualidade das atividades para os idosos de nosso munic\u00edpio\u201d, disse o secret\u00e1rio de Pol\u00edticas para a Terceira Idade, Tatai.<\/p>\n\n\n\n<p>De acordo com a fisioterapeuta, palestrante e mestra em Sa\u00fade P\u00fablica, Priscila Pazos, ter uma pol\u00edtica e um local voltado para os nossos idosos \u00e9 de extrema import\u00e2ncia. \u201cPoder trocar conhecimentos com quem sabe mais do que a gente \u00e9 fant\u00e1stico! Conseguimos entender as propostas deles, o que querem mudar, tirar d\u00favidas e dialogar um pouco sobre o que \u00e9 ser idoso\u201d, exp\u00f4s.<\/p>\n\n\n\n<p>Para a aluna da unidade, Adelizia Salgado, 82 anos, poder ser ouvida em um local onde possa cuidar da sa\u00fade \u00e9 muito importante para ela. \u201cAdorei participar desse workshop, com certeza estarei aqui nos dias 14 e 28 de junho. Poder ser escutada e ouvir a palestra foi essencial para nossa evolu\u00e7\u00e3o\u201d, comentou.<\/p>\n\n\n\n<p><strong>Sobre a Casa da Terceira Idade<\/strong><\/p>\n\n\n\n<p>A Casa da Terceira Idade conta com oito unidades do programa, onde s\u00e3o oferecidas oficinas gratuitas para pessoas a partir dos 50 anos e conta com alongamento, canto de ingl\u00eas, pintura em tecido, gin\u00e1stica, zumba, hidromassagem, yoga, fuxico e muitas outras op\u00e7\u00f5es. As atividades acontecem nos polos do Centro, S\u00e3o Jos\u00e9 de Imbassa\u00ed, Itaipua\u00e7u, Guaratiba, Bambu\u00ed, Ponta Negra e Ino\u00e3. Para mais informa\u00e7\u00f5es \u00e9 s\u00f3 ligar para o n\u00famero&nbsp;<a href=\"tel:(21) 3731-0589\">(21) 3731-0589<\/a>. Os candidatos dever\u00e3o apresentar, no ato da inscri\u00e7\u00e3o, as c\u00f3pias de identidade, CPF, atestado m\u00e9dico original e c\u00f3pia (somente para atividade f\u00edsica), uma foto 3\u00d74 e comprovante de resid\u00eancia.<\/p>\n","protected":false},"excerpt":{"rendered":"<p>A Prefeitura de Maric\u00e1, por meio da Secretaria de Pol\u00edticas para a Terceira Idade, promoveu na tarde desta ter\u00e7a-feira (31\/05),<\/p>\n","protected":false},"author":1,"featured_media":38080,"comment_status":"open","ping_status":"open","sticky":false,"template":"","format":"standard","meta":{"colormag_page_container_layout":"default_layout","colormag_page_sidebar_layout":"default_layout","footnotes":""},"categories":[18],"tags":[],"class_list":["post-38078","post","type-post","status-publish","format-standard","has-post-thumbnail","hentry","category-entretenimento"],"amp_enabled":true,"_links":{"self":[{"href":"https:\/\/maricatotal.com.br\/site\/wp-json\/wp\/v2\/posts\/38078","targetHints":{"allow":["GET"]}}],"collection":[{"href":"https:\/\/maricatotal.com.br\/site\/wp-json\/wp\/v2\/posts"}],"about":[{"href":"https:\/\/maricatotal.com.br\/site\/wp-json\/wp\/v2\/types\/post"}],"author":[{"embeddable":true,"href":"https:\/\/maricatotal.com.br\/site\/wp-json\/wp\/v2\/users\/1"}],"replies":[{"embeddable":true,"href":"https:\/\/maricatotal.com.br\/site\/wp-json\/wp\/v2\/comments?post=38078"}],"version-history":[{"count":1,"href":"https:\/\/maricatotal.com.br\/site\/wp-json\/wp\/v2\/posts\/38078\/revisions"}],"predecessor-version":[{"id":38081,"href":"https:\/\/maricatotal.com.br\/site\/wp-json\/wp\/v2\/posts\/38078\/revisions\/38081"}],"wp:featuredmedia":[{"embeddable":true,"href":"https:\/\/maricatotal.com.br\/site\/wp-json\/wp\/v2\/media\/38080"}],"wp:attachment":[{"href":"https:\/\/maricatotal.com.br\/site\/wp-json\/wp\/v2\/media?parent=38078"}],"wp:term":[{"taxonomy":"category","embeddable":true,"href":"https:\/\/maricatotal.com.br\/site\/wp-json\/wp\/v2\/categories?post=38078"},{"taxonomy":"post_tag","embeddable":true,"href":"https:\/\/maricatotal.com.br\/site\/wp-json\/wp\/v2\/tags?post=38078"}],"curies":[{"name":"wp","href":"https:\/\/api.w.org\/{rel}","templated":true}]}}