{"id":3808,"date":"2019-10-09T01:35:54","date_gmt":"2019-10-09T04:35:54","guid":{"rendered":"http:\/\/maricatotal.com.br\/site\/?p=3808"},"modified":"2019-10-09T01:35:56","modified_gmt":"2019-10-09T04:35:56","slug":"prefeitura-vai-realiza-festa-do-dia-das-criancas-na-praca-central","status":"publish","type":"post","link":"https:\/\/maricatotal.com.br\/site\/2019\/10\/09\/prefeitura-vai-realiza-festa-do-dia-das-criancas-na-praca-central\/","title":{"rendered":"PREFEITURA VAI REALIZA FESTA DO DIA DAS CRIAN\u00c7AS NA PRA\u00c7A CENTRAL"},"content":{"rendered":"\n<figure class=\"wp-block-image\"><img loading=\"lazy\" decoding=\"async\" width=\"1024\" height=\"683\" src=\"http:\/\/maricatotal.com.br\/site\/wp-content\/uploads\/2019\/10\/462CE14C-BC6B-46FA-AE1D-D94EB755362A-1024x683.jpeg\" alt=\"\" class=\"wp-image-3809\" srcset=\"https:\/\/maricatotal.com.br\/site\/wp-content\/uploads\/2019\/10\/462CE14C-BC6B-46FA-AE1D-D94EB755362A-1024x683.jpeg 1024w, https:\/\/maricatotal.com.br\/site\/wp-content\/uploads\/2019\/10\/462CE14C-BC6B-46FA-AE1D-D94EB755362A-300x200.jpeg 300w, https:\/\/maricatotal.com.br\/site\/wp-content\/uploads\/2019\/10\/462CE14C-BC6B-46FA-AE1D-D94EB755362A-768x513.jpeg 768w, https:\/\/maricatotal.com.br\/site\/wp-content\/uploads\/2019\/10\/462CE14C-BC6B-46FA-AE1D-D94EB755362A.jpeg 1392w\" sizes=\"auto, (max-width: 1024px) 100vw, 1024px\" \/><\/figure>\n\n\n\n<p>No dia 12\/10, em que se comemora tamb\u00e9m o Dia das Crian\u00e7as, a Prefeitura de Maric\u00e1 atrav\u00e9s do Gabinete do Prefeito, da Secretaria de Cultura e da Coordenadoria de Assuntos Religiosos, vai dar um presente para os pequenos, uma festa com direito a palha\u00e7o e show de m\u00e1gica das 8 \u00e0s 17h na Pra\u00e7a Orlando de Barros Pimentel (Centro).<\/p>\n\n\n\n<p>Durante o evento, que conta com o apoio da Associa\u00e7\u00e3o de Ministros Evang\u00e9licos (AME), a crian\u00e7ada tamb\u00e9m vai poder se divertir no pula-pula e na piscina de bolinhas. J\u00e1 a alimenta\u00e7\u00e3o fica por conta de suas guloseimas preferidas, pipoca, cachorro-quente, algod\u00e3o doce e picol\u00e9.<\/p>\n\n\n\n<p>Haver\u00e1 tamb\u00e9m distribui\u00e7\u00e3o de brinquedos, al\u00e9m de sorteio de patinetes e bicicletas.<\/p>\n","protected":false},"excerpt":{"rendered":"<p>No dia 12\/10, em que se comemora tamb\u00e9m o Dia das Crian\u00e7as, a Prefeitura de Maric\u00e1 atrav\u00e9s do Gabinete do<\/p>\n","protected":false},"author":1,"featured_media":0,"comment_status":"open","ping_status":"open","sticky":false,"template":"","format":"standard","meta":{"colormag_page_container_layout":"default_layout","colormag_page_sidebar_layout":"default_layout","footnotes":""},"categories":[18],"tags":[],"class_list":["post-3808","post","type-post","status-publish","format-standard","hentry","category-entretenimento"],"amp_enabled":true,"_links":{"self":[{"href":"https:\/\/maricatotal.com.br\/site\/wp-json\/wp\/v2\/posts\/3808","targetHints":{"allow":["GET"]}}],"collection":[{"href":"https:\/\/maricatotal.com.br\/site\/wp-json\/wp\/v2\/posts"}],"about":[{"href":"https:\/\/maricatotal.com.br\/site\/wp-json\/wp\/v2\/types\/post"}],"author":[{"embeddable":true,"href":"https:\/\/maricatotal.com.br\/site\/wp-json\/wp\/v2\/users\/1"}],"replies":[{"embeddable":true,"href":"https:\/\/maricatotal.com.br\/site\/wp-json\/wp\/v2\/comments?post=3808"}],"version-history":[{"count":0,"href":"https:\/\/maricatotal.com.br\/site\/wp-json\/wp\/v2\/posts\/3808\/revisions"}],"wp:attachment":[{"href":"https:\/\/maricatotal.com.br\/site\/wp-json\/wp\/v2\/media?parent=3808"}],"wp:term":[{"taxonomy":"category","embeddable":true,"href":"https:\/\/maricatotal.com.br\/site\/wp-json\/wp\/v2\/categories?post=3808"},{"taxonomy":"post_tag","embeddable":true,"href":"https:\/\/maricatotal.com.br\/site\/wp-json\/wp\/v2\/tags?post=3808"}],"curies":[{"name":"wp","href":"https:\/\/api.w.org\/{rel}","templated":true}]}}