{"id":3811,"date":"2019-10-09T13:05:47","date_gmt":"2019-10-09T16:05:47","guid":{"rendered":"http:\/\/maricatotal.com.br\/site\/?p=3811"},"modified":"2019-10-09T13:15:56","modified_gmt":"2019-10-09T16:15:56","slug":"pablo-tanque-artilheiro-e-campeao-carioca-serie-b2-sub-20","status":"publish","type":"post","link":"https:\/\/maricatotal.com.br\/site\/2019\/10\/09\/pablo-tanque-artilheiro-e-campeao-carioca-serie-b2-sub-20\/","title":{"rendered":"PABLO TANQUE: ARTILHEIRO E CAMPE\u00c3O CARIOCA S\u00c9RIE B2 SUB-20"},"content":{"rendered":"\n<figure class=\"wp-block-image\"><img loading=\"lazy\" decoding=\"async\" width=\"768\" height=\"1024\" src=\"http:\/\/maricatotal.com.br\/site\/wp-content\/uploads\/2019\/10\/1C63C237-E959-4101-8ED9-FB1772135ABC-768x1024.jpeg\" alt=\"\" class=\"wp-image-3812\" srcset=\"https:\/\/maricatotal.com.br\/site\/wp-content\/uploads\/2019\/10\/1C63C237-E959-4101-8ED9-FB1772135ABC-768x1024.jpeg 768w, https:\/\/maricatotal.com.br\/site\/wp-content\/uploads\/2019\/10\/1C63C237-E959-4101-8ED9-FB1772135ABC-225x300.jpeg 225w, https:\/\/maricatotal.com.br\/site\/wp-content\/uploads\/2019\/10\/1C63C237-E959-4101-8ED9-FB1772135ABC.jpeg 960w\" sizes=\"auto, (max-width: 768px) 100vw, 768px\" \/><figcaption>Foto: Pablo Tanque comemora o t\u00edtulo do Carioca B2.<\/figcaption><\/figure>\n\n\n\n<p>Fundamental na conquista do t\u00edtulo do Maric\u00e1 Sub-20 em 2019, Pablo Tanque ainda conquistou mais uma grande marca: Artilheiro do Campeonato Carioca S\u00e9rie B2 da categoria. Com 13 gols, o jogador ficou isolado na primeira coloca\u00e7\u00e3o.<\/p>\n\n\n\n<p>O atleta atuou em 22 jogos oficiais este ano, sendo 7 no Profissional e 15 no Sub-20, o que mostra como o jogador foi participativo para as duas equipes, que foram vencedoras. <\/p>\n\n\n\n<figure class=\"wp-block-image\"><img loading=\"lazy\" decoding=\"async\" width=\"1024\" height=\"682\" src=\"http:\/\/maricatotal.com.br\/site\/wp-content\/uploads\/2019\/10\/9E472B6B-2EAA-4008-A1E2-C620A6713821-1024x682.jpeg\" alt=\"\" class=\"wp-image-3814\" srcset=\"https:\/\/maricatotal.com.br\/site\/wp-content\/uploads\/2019\/10\/9E472B6B-2EAA-4008-A1E2-C620A6713821-1024x682.jpeg 1024w, https:\/\/maricatotal.com.br\/site\/wp-content\/uploads\/2019\/10\/9E472B6B-2EAA-4008-A1E2-C620A6713821-300x200.jpeg 300w, https:\/\/maricatotal.com.br\/site\/wp-content\/uploads\/2019\/10\/9E472B6B-2EAA-4008-A1E2-C620A6713821-768x512.jpeg 768w, https:\/\/maricatotal.com.br\/site\/wp-content\/uploads\/2019\/10\/9E472B6B-2EAA-4008-A1E2-C620A6713821.jpeg 1280w\" sizes=\"auto, (max-width: 1024px) 100vw, 1024px\" \/><figcaption>Foto: Pablo Tanque atuando pelo Maric\u00e1 FC.<\/figcaption><\/figure>\n\n\n\n<p>Nesta temporada, Pablo foi extremamente importante para a equipe Sub-20. O jogador marcou 1 dos gols do t\u00edtulo contra o Mageense, no jogo de ida, que deu a possibilidade de empatar em casa e ser Campe\u00e3o.<\/p>\n\n\n\n<p>O atacante analisou seu ano e falou sobre ter conclu\u00eddo suas metas. <\/p>\n\n\n\n<p>\u201c\u00c9 muito gratificante para mim conseguir atingir uma das minhas metas que eu planejei no come\u00e7o do ano. Sei que ajudei bastante a minha equipe com esses 13 gols. A ta\u00e7a veio porque n\u00f3s lutamos desde o come\u00e7o do Campeonato. E n\u00e3o s\u00f3 eu, mas todos do elenco foram pe\u00e7as fundamentais para a conquista dessa ta\u00e7a\u201d<\/p>\n\n\n\n<p>O artilheiro contou o segredo para marcar tantos gols novamente. <\/p>\n\n\n\n<p>\u201cO segredo \u00e9 trabalhar, focar e ter muita f\u00e9 em Jesus Cristo. Que s\u00f3 Ele nos d\u00e1 for\u00e7a para conseguir tudo que almejamos\u201d<\/p>\n\n\n\n<figure class=\"wp-block-image\"><img loading=\"lazy\" decoding=\"async\" width=\"768\" height=\"1024\" src=\"http:\/\/maricatotal.com.br\/site\/wp-content\/uploads\/2019\/10\/5AA882BA-7B7C-43D6-B27E-F2A9A4EEBCF4-768x1024.jpeg\" alt=\"\" class=\"wp-image-3815\" srcset=\"https:\/\/maricatotal.com.br\/site\/wp-content\/uploads\/2019\/10\/5AA882BA-7B7C-43D6-B27E-F2A9A4EEBCF4-768x1024.jpeg 768w, https:\/\/maricatotal.com.br\/site\/wp-content\/uploads\/2019\/10\/5AA882BA-7B7C-43D6-B27E-F2A9A4EEBCF4-225x300.jpeg 225w, https:\/\/maricatotal.com.br\/site\/wp-content\/uploads\/2019\/10\/5AA882BA-7B7C-43D6-B27E-F2A9A4EEBCF4.jpeg 960w\" sizes=\"auto, (max-width: 768px) 100vw, 768px\" \/><figcaption>Foto: Redes Sociais.<\/figcaption><\/figure>\n\n\n\n<p>Pablo Tanque estar\u00e1 com o Maric\u00e1 na pr\u00f3xima temporada, onde disputar\u00e1 uma nova competi\u00e7\u00e3o, podendo mais uma vez fazer hist\u00f3ria. <\/p>\n","protected":false},"excerpt":{"rendered":"<p>Fundamental na conquista do t\u00edtulo do Maric\u00e1 Sub-20 em 2019, Pablo Tanque ainda conquistou mais uma grande marca: Artilheiro do<\/p>\n","protected":false},"author":1,"featured_media":0,"comment_status":"open","ping_status":"open","sticky":false,"template":"","format":"standard","meta":{"colormag_page_container_layout":"default_layout","colormag_page_sidebar_layout":"default_layout","footnotes":""},"categories":[15],"tags":[],"class_list":["post-3811","post","type-post","status-publish","format-standard","hentry","category-esporte"],"amp_enabled":true,"_links":{"self":[{"href":"https:\/\/maricatotal.com.br\/site\/wp-json\/wp\/v2\/posts\/3811","targetHints":{"allow":["GET"]}}],"collection":[{"href":"https:\/\/maricatotal.com.br\/site\/wp-json\/wp\/v2\/posts"}],"about":[{"href":"https:\/\/maricatotal.com.br\/site\/wp-json\/wp\/v2\/types\/post"}],"author":[{"embeddable":true,"href":"https:\/\/maricatotal.com.br\/site\/wp-json\/wp\/v2\/users\/1"}],"replies":[{"embeddable":true,"href":"https:\/\/maricatotal.com.br\/site\/wp-json\/wp\/v2\/comments?post=3811"}],"version-history":[{"count":0,"href":"https:\/\/maricatotal.com.br\/site\/wp-json\/wp\/v2\/posts\/3811\/revisions"}],"wp:attachment":[{"href":"https:\/\/maricatotal.com.br\/site\/wp-json\/wp\/v2\/media?parent=3811"}],"wp:term":[{"taxonomy":"category","embeddable":true,"href":"https:\/\/maricatotal.com.br\/site\/wp-json\/wp\/v2\/categories?post=3811"},{"taxonomy":"post_tag","embeddable":true,"href":"https:\/\/maricatotal.com.br\/site\/wp-json\/wp\/v2\/tags?post=3811"}],"curies":[{"name":"wp","href":"https:\/\/api.w.org\/{rel}","templated":true}]}}