{"id":38112,"date":"2022-06-02T06:50:11","date_gmt":"2022-06-02T09:50:11","guid":{"rendered":"https:\/\/maricatotal.com.br\/site\/?p=38112"},"modified":"2022-06-02T06:50:12","modified_gmt":"2022-06-02T09:50:12","slug":"marica-apresenta-seus-projetos-durante-a-mostra-de-turismo-e-negocios-em-nova-friburgo","status":"publish","type":"post","link":"https:\/\/maricatotal.com.br\/site\/2022\/06\/02\/marica-apresenta-seus-projetos-durante-a-mostra-de-turismo-e-negocios-em-nova-friburgo\/","title":{"rendered":"Maric\u00e1 apresenta seus projetos durante a Mostra de Turismo e Neg\u00f3cios, em Nova Friburgo\u00a0"},"content":{"rendered":"\n<p>A Prefeitura de Maric\u00e1, por meio das secretarias de Promo\u00e7\u00e3o e Projetos Especiais, Turismo e da Companhia de Desenvolvimento de Maric\u00e1 (Codemar), subiu a serra na ter\u00e7a-feira (31\/05) para apresentar seus projetos e a\u00e7\u00f5es de diferentes setores na Mostra Maric\u00e1 de Turismo e Neg\u00f3cios, a Worktur. O evento foi realizado no Hotel Bucksy, em Nova Friburgo, em parceria com o Conselho Regional de Corretores de Im\u00f3veis (CRECI\/RJ), a Federa\u00e7\u00e3o de Convention &amp; Visitors Bureaux do Rio de Janeiro (FC&amp;VB\/RJ) e a Rede InterTV. A pr\u00f3xima edi\u00e7\u00e3o est\u00e1 prevista para o in\u00edcio de julho em Cabo Frio, e a terceira edi\u00e7\u00e3o em agosto, em Campos dos Goytacazes.<\/p>\n\n\n\n<p>Al\u00e9m dos pain\u00e9is de turismo e neg\u00f3cios, mostrando os benef\u00edcios oferecidos \u00e0 popula\u00e7\u00e3o \u2013 com \u00f3rg\u00e3os como o Banco Mumbuca e o Instituto Darcy Ribeiro (IDR) \u2013, havia bancas de souvenires de Maric\u00e1. Com rela\u00e7\u00e3o \u00e0 cultura da cidade, foi apresentado o show da cantora maricaense Marianna Cunha. Para o prefeito Fabiano Horta, \u00e9 importante que a popula\u00e7\u00e3o de Nova Friburgo conhe\u00e7a a din\u00e2mica vivida em Maric\u00e1 e as oportunidades de empreendimento oferecidas.<\/p>\n\n\n\n<p>\u201cMaric\u00e1 foi muito bem recebida por Nova Friburgo. Tivemos uma tarde com muita troca de experi\u00eancias e a certeza de que estamos no caminho certo. Agrade\u00e7o muito o carinho e a presen\u00e7a de todos os empres\u00e1rios e convidados que estiveram conosco, e fica o convite para visitarem Maric\u00e1 em breve\u201d, destacou Fabiano.<\/p>\n\n\n\n<p>Prefeito de Nova Friburgo, Johnny Maycon ressaltou que o di\u00e1logo entre as duas cidades deve ser cont\u00ednuo e permanente. Ofereceu as boas-vindas \u00e0 comitiva de Maric\u00e1, destacando os benef\u00edcios que possam ser gerados para ambas as cidades atrav\u00e9s deste interc\u00e2mbio de turismo e neg\u00f3cios.<\/p>\n\n\n\n<p>\u201c\u00c9 necess\u00e1rio manter esse di\u00e1logo para atender \u00e0s expectativas dos dois munic\u00edpios e, assim, atingir n\u00edveis cada vez mais altos de sustentabilidade e desenvolvimento econ\u00f4mico, tur\u00edstico e social, buscando avan\u00e7o nestes e em outros setores\u201d, frisou o prefeito de Nova Friburgo.<\/p>\n\n\n\n<p>O presidente de Codemar, Olavo Noleto, fez uma apresenta\u00e7\u00e3o dos projetos em curso e os que est\u00e3o sendo estruturados pela Companhia. Em suas palavras, a cidade de Maric\u00e1 respira desenvolvimento, mas com muita responsabilidade. \u201cVir a Nova Friburgo e conhecer as belezas naturais dessa cidade encantadora, e ainda conhecer um pouco da sua hist\u00f3ria e do polo de moda \u00edntima, nos traz mais energia e conhecimento para realizarmos nossos projetos com mais seguran\u00e7a\u201d, afirmou.<\/p>\n\n\n\n<p>Para o Secret\u00e1rio de Promo\u00e7\u00e3o e Projetos Especiais, Jos\u00e9 Alexandre Almeida, a organiza\u00e7\u00e3o do Worktour vai ampliar o leque de oportunidades para Maric\u00e1. \u201cEm pouco tempo teremos o retorno desejado desse trabalho de promo\u00e7\u00e3o. Agrade\u00e7o muito a presen\u00e7a de mais de 200 pessoas, entre empres\u00e1rios, empreendedores e amigos, que vieram conhecer nossos projetos e parcerias que possam se iniciar atrav\u00e9s deste evento\u201d, projetou.<\/p>\n","protected":false},"excerpt":{"rendered":"<p>A Prefeitura de Maric\u00e1, por meio das secretarias de Promo\u00e7\u00e3o e Projetos Especiais, Turismo e da Companhia de Desenvolvimento de<\/p>\n","protected":false},"author":1,"featured_media":38114,"comment_status":"open","ping_status":"open","sticky":false,"template":"","format":"standard","meta":{"colormag_page_container_layout":"default_layout","colormag_page_sidebar_layout":"default_layout","footnotes":""},"categories":[18,17],"tags":[],"class_list":["post-38112","post","type-post","status-publish","format-standard","has-post-thumbnail","hentry","category-entretenimento","category-politica"],"amp_enabled":true,"_links":{"self":[{"href":"https:\/\/maricatotal.com.br\/site\/wp-json\/wp\/v2\/posts\/38112","targetHints":{"allow":["GET"]}}],"collection":[{"href":"https:\/\/maricatotal.com.br\/site\/wp-json\/wp\/v2\/posts"}],"about":[{"href":"https:\/\/maricatotal.com.br\/site\/wp-json\/wp\/v2\/types\/post"}],"author":[{"embeddable":true,"href":"https:\/\/maricatotal.com.br\/site\/wp-json\/wp\/v2\/users\/1"}],"replies":[{"embeddable":true,"href":"https:\/\/maricatotal.com.br\/site\/wp-json\/wp\/v2\/comments?post=38112"}],"version-history":[{"count":1,"href":"https:\/\/maricatotal.com.br\/site\/wp-json\/wp\/v2\/posts\/38112\/revisions"}],"predecessor-version":[{"id":38115,"href":"https:\/\/maricatotal.com.br\/site\/wp-json\/wp\/v2\/posts\/38112\/revisions\/38115"}],"wp:featuredmedia":[{"embeddable":true,"href":"https:\/\/maricatotal.com.br\/site\/wp-json\/wp\/v2\/media\/38114"}],"wp:attachment":[{"href":"https:\/\/maricatotal.com.br\/site\/wp-json\/wp\/v2\/media?parent=38112"}],"wp:term":[{"taxonomy":"category","embeddable":true,"href":"https:\/\/maricatotal.com.br\/site\/wp-json\/wp\/v2\/categories?post=38112"},{"taxonomy":"post_tag","embeddable":true,"href":"https:\/\/maricatotal.com.br\/site\/wp-json\/wp\/v2\/tags?post=38112"}],"curies":[{"name":"wp","href":"https:\/\/api.w.org\/{rel}","templated":true}]}}