{"id":38167,"date":"2022-06-03T11:05:27","date_gmt":"2022-06-03T14:05:27","guid":{"rendered":"https:\/\/maricatotal.com.br\/site\/?p=38167"},"modified":"2022-06-03T11:05:28","modified_gmt":"2022-06-03T14:05:28","slug":"prefeitura-de-marica-restaura-imagem-de-santa-rita-de-cassia","status":"publish","type":"post","link":"https:\/\/maricatotal.com.br\/site\/2022\/06\/03\/prefeitura-de-marica-restaura-imagem-de-santa-rita-de-cassia\/","title":{"rendered":"Prefeitura de Maric\u00e1 restaura imagem de Santa Rita de C\u00e1ssia"},"content":{"rendered":"\n<p>A Prefeitura de Maric\u00e1, por meio da Coordenadoria de Assuntos Religiosos, concluiu a restaura\u00e7\u00e3o da imagem de Santa Rita de C\u00e1ssia. A imagem retornou, na ter\u00e7a-feira (31\/05), \u00e0 pra\u00e7a que leva o nome da beata, localizada na Rua 89, pr\u00f3ximo ao canal, em Itaipua\u00e7u.<\/p>\n\n\n\n<p>A restaura\u00e7\u00e3o da escultura sacra durou cerca de uma semana e foi executada pela Autarquia de Servi\u00e7os de Obras de Maric\u00e1 (Somar), ap\u00f3s apresentar sinais de deteriora\u00e7\u00e3o, devido \u00e0 a\u00e7\u00e3o do tempo e a maresia, j\u00e1 que fica pr\u00f3xima da praia. A imagem da santa foi instalada no local em maio de 2016 e \u00e9 a segunda vez que passa por restauro.<\/p>\n\n\n\n<p>\u201cA imagem de Santa Rita de C\u00e1ssia, depois de passar por todo o processo de restaura\u00e7\u00e3o volta \u00e0 comunidade. A santa j\u00e1 faz parte do local e a restaura\u00e7\u00e3o mostra zelo, cuidado e respeito com a f\u00e9 da popula\u00e7\u00e3o\u201d, disse a coordenadora de Assuntos Religiosos, Danieli Machado.<\/p>\n\n\n\n<p><strong>Santa Rita de C\u00e1ssia<\/strong><\/p>\n\n\n\n<p>Santa Rita de C\u00e1ssia foi beatificada no ano 1627, em Roma, pelo Papa Urbano VIII. Sua canoniza\u00e7\u00e3o foi no ano de 1900, em 24 de maio, pelo Papa Le\u00e3o XIII, e sua festa \u00e9 comemorada no dia 22 de maio. A santa \u00e9 padroeira das causas imposs\u00edveis, dos doentes, das m\u00e3es e das mulheres que sofrem viol\u00eancia dom\u00e9stica. Em Itaipua\u00e7u, a Capela de Santa Rita de C\u00e1ssia, onde s\u00e3o realizadas missas, come\u00e7ou a ser constru\u00edda em 2007 e foi inaugurada em 2009.<\/p>\n","protected":false},"excerpt":{"rendered":"<p>A Prefeitura de Maric\u00e1, por meio da Coordenadoria de Assuntos Religiosos, concluiu a restaura\u00e7\u00e3o da imagem de Santa Rita de<\/p>\n","protected":false},"author":1,"featured_media":38168,"comment_status":"open","ping_status":"open","sticky":false,"template":"","format":"standard","meta":{"colormag_page_container_layout":"default_layout","colormag_page_sidebar_layout":"default_layout","footnotes":""},"categories":[18],"tags":[],"class_list":["post-38167","post","type-post","status-publish","format-standard","has-post-thumbnail","hentry","category-entretenimento"],"amp_enabled":true,"_links":{"self":[{"href":"https:\/\/maricatotal.com.br\/site\/wp-json\/wp\/v2\/posts\/38167","targetHints":{"allow":["GET"]}}],"collection":[{"href":"https:\/\/maricatotal.com.br\/site\/wp-json\/wp\/v2\/posts"}],"about":[{"href":"https:\/\/maricatotal.com.br\/site\/wp-json\/wp\/v2\/types\/post"}],"author":[{"embeddable":true,"href":"https:\/\/maricatotal.com.br\/site\/wp-json\/wp\/v2\/users\/1"}],"replies":[{"embeddable":true,"href":"https:\/\/maricatotal.com.br\/site\/wp-json\/wp\/v2\/comments?post=38167"}],"version-history":[{"count":1,"href":"https:\/\/maricatotal.com.br\/site\/wp-json\/wp\/v2\/posts\/38167\/revisions"}],"predecessor-version":[{"id":38169,"href":"https:\/\/maricatotal.com.br\/site\/wp-json\/wp\/v2\/posts\/38167\/revisions\/38169"}],"wp:featuredmedia":[{"embeddable":true,"href":"https:\/\/maricatotal.com.br\/site\/wp-json\/wp\/v2\/media\/38168"}],"wp:attachment":[{"href":"https:\/\/maricatotal.com.br\/site\/wp-json\/wp\/v2\/media?parent=38167"}],"wp:term":[{"taxonomy":"category","embeddable":true,"href":"https:\/\/maricatotal.com.br\/site\/wp-json\/wp\/v2\/categories?post=38167"},{"taxonomy":"post_tag","embeddable":true,"href":"https:\/\/maricatotal.com.br\/site\/wp-json\/wp\/v2\/tags?post=38167"}],"curies":[{"name":"wp","href":"https:\/\/api.w.org\/{rel}","templated":true}]}}