{"id":38216,"date":"2022-06-05T20:33:44","date_gmt":"2022-06-05T23:33:44","guid":{"rendered":"https:\/\/maricatotal.com.br\/site\/?p=38216"},"modified":"2022-06-05T20:33:44","modified_gmt":"2022-06-05T23:33:44","slug":"marica-dia-d-contra-gripe-e-sarampo-movimenta-os-polos-de-vacinacao","status":"publish","type":"post","link":"https:\/\/maricatotal.com.br\/site\/2022\/06\/05\/marica-dia-d-contra-gripe-e-sarampo-movimenta-os-polos-de-vacinacao\/","title":{"rendered":"Maric\u00e1: Dia D contra gripe e sarampo movimenta os polos de vacina\u00e7\u00e3o"},"content":{"rendered":"\n<p>A Prefeitura de Maric\u00e1, por meio da Secretaria Municipal de Sa\u00fade, promoveu neste s\u00e1bado (04\/06), o Dia \u201cD\u201d de vacina\u00e7\u00e3o contra a Influenza (gripe) e o sarampo, em 23 Unidades de Sa\u00fade da Fam\u00edlia (USF) e no Centro de Refer\u00eancia da Assist\u00eancia Social (CRAS) Bosque Fundo, em Ino\u00e3.&nbsp; A imuniza\u00e7\u00e3o abrangeu os grupos priorit\u00e1rios inclu\u00eddos na campanha nacional, sendo uma nova chance de regularizar a situa\u00e7\u00e3o da vacina\u00e7\u00e3o \u00e0queles que perderam a data estabelecida, al\u00e9m de auxiliar os que n\u00e3o conseguiram se vacinar durante os dias \u00fateis.&nbsp;<\/p>\n\n\n\n<p>A dose anual contra a gripe foi disponibilizada a idosos; trabalhadores de sa\u00fade; crian\u00e7as de seis meses a menores de cinco anos (quatro anos, 11 meses e 29 dias); gestantes e pu\u00e9rperas (m\u00e3es que tiveram filhos nos \u00faltimos 45 dias); povos ind\u00edgenas; professores; pessoas com comorbidades ou defici\u00eancia permanente; caminhoneiros; trabalhadores de transporte coletivo rodovi\u00e1rio urbano e de longo curso; trabalhadores portu\u00e1rios; For\u00e7as de Seguran\u00e7a e Salvamento; For\u00e7as Armadas; al\u00e9m de funcion\u00e1rios do sistema de priva\u00e7\u00e3o de liberdade.&nbsp;<\/p>\n\n\n\n<p>Em rela\u00e7\u00e3o ao sarampo, puderam se vacinar crian\u00e7as de seis meses a menores de cinco anos e trabalhadores de sa\u00fade das redes p\u00fablica ou privada.&nbsp;<\/p>\n\n\n\n<p>O s\u00e1bado foi de consci\u00eancia e mobiliza\u00e7\u00e3o nos locais de aplica\u00e7\u00e3o da dose contra a gripe e o sarampo. Na USF Central, dezenas de pessoas aderiram ao Dia \u201cD\u201d, regularizando a situa\u00e7\u00e3o vacinal. Uma delas foi a t\u00e9cnica de enfermagem Marina da Silva, de 24 anos, que aproveitou a campanha para tomar as duas vacinas.&nbsp;<\/p>\n\n\n\n<p>\u201cEu achei muito legal ter essa oportunidade de me vacinar em um s\u00e1bado, j\u00e1 que, com a correria do dia a dia, \u00e0s vezes nos falta tempo. Estamos em um per\u00edodo de frio, o que favorece a gripe, ent\u00e3o precisamos ter consci\u00eancia e comparecer \u00e0s unidades para receber a nossa dose, o que \u00e9 nossa maior preven\u00e7\u00e3o\u201d, refor\u00e7ou.&nbsp;<\/p>\n\n\n\n<p>Lu\u00edza Pontes, de 35 anos, \u00e9 hipertensa e elogiou o dia voltado \u00e0 imuniza\u00e7\u00e3o dos grupos priorit\u00e1rios, ressaltando a import\u00e2ncia da vacina\u00e7\u00e3o em um per\u00edodo de aumento das s\u00edndromes respirat\u00f3rias.&nbsp;<\/p>\n\n\n\n<p>\u201cO Dia D \u00e9 importante por ser um lembrete \u00e0 conscientiza\u00e7\u00e3o, al\u00e9m de oferecer a repescagem aos que perderam&nbsp; por algum motivo a sua data. \u00c9 um momento de aumento nos casos gripais. Se vacinar \u00e9 essencial para termos mais prote\u00e7\u00e3o e alcan\u00e7ar um maior percentual de imunizados\u201d, acrescentou.&nbsp;<\/p>\n\n\n\n<p><strong>Campanha contra gripe e sarampo continua at\u00e9 dia 24<\/strong><\/p>\n\n\n\n<p>A&nbsp; campanha de vacina\u00e7\u00e3o contra a Influenza (gripe) e o sarampo foi prorrogada at\u00e9 o dia 24\/06, seguindo em todas as Unidades de Sa\u00fade da Fam\u00edlia (USF), das 8h \u00e0s 17h. A continua\u00e7\u00e3o da campanha \u00e9 uma forma de ampliar a cobertura vacinal dos grupos priorit\u00e1rios, visto que, at\u00e9 o momento, cerca de 23 mil maricaenses se vacinaram contra a gripe.&nbsp;<\/p>\n\n\n\n<p>Al\u00e9m disso, com a proximidade da chegada do inverno, per\u00edodo de aumento nos casos de s\u00edndrome gripal, a vacina\u00e7\u00e3o se torna um mecanismo essencial para evitar que se desenvolvam quadros graves da doen\u00e7a.<\/p>\n","protected":false},"excerpt":{"rendered":"<p>A Prefeitura de Maric\u00e1, por meio da Secretaria Municipal de Sa\u00fade, promoveu neste s\u00e1bado (04\/06), o Dia \u201cD\u201d de vacina\u00e7\u00e3o<\/p>\n","protected":false},"author":1,"featured_media":38217,"comment_status":"open","ping_status":"open","sticky":false,"template":"","format":"standard","meta":{"colormag_page_container_layout":"default_layout","colormag_page_sidebar_layout":"default_layout","footnotes":""},"categories":[14],"tags":[],"class_list":["post-38216","post","type-post","status-publish","format-standard","has-post-thumbnail","hentry","category-bairros"],"amp_enabled":true,"_links":{"self":[{"href":"https:\/\/maricatotal.com.br\/site\/wp-json\/wp\/v2\/posts\/38216","targetHints":{"allow":["GET"]}}],"collection":[{"href":"https:\/\/maricatotal.com.br\/site\/wp-json\/wp\/v2\/posts"}],"about":[{"href":"https:\/\/maricatotal.com.br\/site\/wp-json\/wp\/v2\/types\/post"}],"author":[{"embeddable":true,"href":"https:\/\/maricatotal.com.br\/site\/wp-json\/wp\/v2\/users\/1"}],"replies":[{"embeddable":true,"href":"https:\/\/maricatotal.com.br\/site\/wp-json\/wp\/v2\/comments?post=38216"}],"version-history":[{"count":1,"href":"https:\/\/maricatotal.com.br\/site\/wp-json\/wp\/v2\/posts\/38216\/revisions"}],"predecessor-version":[{"id":38218,"href":"https:\/\/maricatotal.com.br\/site\/wp-json\/wp\/v2\/posts\/38216\/revisions\/38218"}],"wp:featuredmedia":[{"embeddable":true,"href":"https:\/\/maricatotal.com.br\/site\/wp-json\/wp\/v2\/media\/38217"}],"wp:attachment":[{"href":"https:\/\/maricatotal.com.br\/site\/wp-json\/wp\/v2\/media?parent=38216"}],"wp:term":[{"taxonomy":"category","embeddable":true,"href":"https:\/\/maricatotal.com.br\/site\/wp-json\/wp\/v2\/categories?post=38216"},{"taxonomy":"post_tag","embeddable":true,"href":"https:\/\/maricatotal.com.br\/site\/wp-json\/wp\/v2\/tags?post=38216"}],"curies":[{"name":"wp","href":"https:\/\/api.w.org\/{rel}","templated":true}]}}