{"id":38220,"date":"2022-06-05T20:35:59","date_gmt":"2022-06-05T23:35:59","guid":{"rendered":"https:\/\/maricatotal.com.br\/site\/?p=38220"},"modified":"2022-06-05T20:36:00","modified_gmt":"2022-06-05T23:36:00","slug":"marica-prefeitura-vai-credenciar-instituicoes-privadas-para-oferecer-vagas-de-educacao-infantil","status":"publish","type":"post","link":"https:\/\/maricatotal.com.br\/site\/2022\/06\/05\/marica-prefeitura-vai-credenciar-instituicoes-privadas-para-oferecer-vagas-de-educacao-infantil\/","title":{"rendered":"Maric\u00e1: Prefeitura vai credenciar institui\u00e7\u00f5es privadas para oferecer vagas de Educa\u00e7\u00e3o Infantil"},"content":{"rendered":"\n<p>A Prefeitura de Maric\u00e1 lan\u00e7ou na sexta-feira (03\/06), por meio da Secretaria de Educa\u00e7\u00e3o, um edital para credenciamento de institui\u00e7\u00f5es de ensino privadas, sediadas em Maric\u00e1, com o objetivo de firmar contratos para concess\u00e3o de bolsas de estudos na Educa\u00e7\u00e3o Infantil. A inten\u00e7\u00e3o \u00e9 contemplar com as bolsas as crian\u00e7as que n\u00e3o conseguiram vaga em nenhuma creche da rede p\u00fablica municipal.&nbsp;<\/p>\n\n\n\n<p>Com o edital, dispon\u00edvel para consulta na edi\u00e7\u00e3o 1.316 do&nbsp;<a href=\"https:\/\/www.marica.rj.gov.br\/2022\/06\/03\/jom-1316\/\" rel=\"noreferrer noopener\" target=\"_blank\">Jornal Oficial de Maric\u00e1<\/a>(JOM), a prefeitura espera suprir a car\u00eancia de vagas na Educa\u00e7\u00e3o Infantil, com a concess\u00e3o de at\u00e9 duas mil bolsas de estudo. Os representantes das institui\u00e7\u00f5es de ensino j\u00e1 podem entregar as propostas de credenciamento presencialmente, na sede da Secretaria de Educa\u00e7\u00e3o (Rua Bacelar da Silva Bezerra 105, Boa Vista), de segunda a sexta-feira, das 14h \u00e0s 17h.&nbsp;<\/p>\n\n\n\n<p>Para serem consideradas habilitadas a firmar contratos com a secretaria, as institui\u00e7\u00f5es dever\u00e3o apresentar certid\u00f5es negativas de d\u00e9bitos de tributos municipais, estaduais e federais, da d\u00edvida ativa da Uni\u00e3o e de d\u00e9bitos trabalhistas, al\u00e9m de declara\u00e7\u00e3o de que n\u00e3o emprega menores de 18 anos em trabalho noturno, perigoso ou insalubre, nem menores de 16 anos, salvo na condi\u00e7\u00e3o de aprendiz.<\/p>\n\n\n\n<p>Ap\u00f3s a entrega de cada proposta, a Secretaria de Educa\u00e7\u00e3o realizar\u00e1 sess\u00e3o p\u00fablica para a an\u00e1lise da documenta\u00e7\u00e3o exigida \u2013 a data de cada sess\u00e3o ser\u00e1 informada pelo JOM em at\u00e9 tr\u00eas dias \u00fateis ap\u00f3s o recebimento dos documentos. A Comiss\u00e3o Especial de Cadastramento e Credenciamento, respons\u00e1vel por analisar as propostas entregues, poder\u00e1 inspecionar documentos, instala\u00e7\u00f5es ou equipamentos das institui\u00e7\u00f5es de ensino, com o objetivo de embasar o parecer t\u00e9cnico.&nbsp;<\/p>\n\n\n\n<p>As institui\u00e7\u00f5es selecionadas para conceder as bolsas dever\u00e3o ainda comprometer-se a observar a legisla\u00e7\u00e3o em vigor e as delibera\u00e7\u00f5es do Conselho Municipal de Educa\u00e7\u00e3o de Maric\u00e1, al\u00e9m de conceder desconto m\u00ednimo de 5% sobre o valor da mensalidade praticada. Os alunos contemplados com as bolsas, por sua vez, dever\u00e3o receber isen\u00e7\u00e3o da taxa de matr\u00edcula ou de quaisquer outras taxas extras, al\u00e9m de material did\u00e1tico e paradid\u00e1tico, uniformes e alimenta\u00e7\u00e3o. O edital veda a participa\u00e7\u00e3o de institui\u00e7\u00f5es que tenham como dirigente membro do Poder ou do Minist\u00e9rio P\u00fablico ou dirigente de \u00f3rg\u00e3o ou institui\u00e7\u00e3o p\u00fablica municipal, bem como seus parentes at\u00e9 o terceiro grau.<\/p>\n","protected":false},"excerpt":{"rendered":"<p>A Prefeitura de Maric\u00e1 lan\u00e7ou na sexta-feira (03\/06), por meio da Secretaria de Educa\u00e7\u00e3o, um edital para credenciamento de institui\u00e7\u00f5es<\/p>\n","protected":false},"author":1,"featured_media":38221,"comment_status":"open","ping_status":"open","sticky":false,"template":"","format":"standard","meta":{"colormag_page_container_layout":"default_layout","colormag_page_sidebar_layout":"default_layout","footnotes":""},"categories":[17],"tags":[],"class_list":["post-38220","post","type-post","status-publish","format-standard","has-post-thumbnail","hentry","category-politica"],"amp_enabled":true,"_links":{"self":[{"href":"https:\/\/maricatotal.com.br\/site\/wp-json\/wp\/v2\/posts\/38220","targetHints":{"allow":["GET"]}}],"collection":[{"href":"https:\/\/maricatotal.com.br\/site\/wp-json\/wp\/v2\/posts"}],"about":[{"href":"https:\/\/maricatotal.com.br\/site\/wp-json\/wp\/v2\/types\/post"}],"author":[{"embeddable":true,"href":"https:\/\/maricatotal.com.br\/site\/wp-json\/wp\/v2\/users\/1"}],"replies":[{"embeddable":true,"href":"https:\/\/maricatotal.com.br\/site\/wp-json\/wp\/v2\/comments?post=38220"}],"version-history":[{"count":1,"href":"https:\/\/maricatotal.com.br\/site\/wp-json\/wp\/v2\/posts\/38220\/revisions"}],"predecessor-version":[{"id":38222,"href":"https:\/\/maricatotal.com.br\/site\/wp-json\/wp\/v2\/posts\/38220\/revisions\/38222"}],"wp:featuredmedia":[{"embeddable":true,"href":"https:\/\/maricatotal.com.br\/site\/wp-json\/wp\/v2\/media\/38221"}],"wp:attachment":[{"href":"https:\/\/maricatotal.com.br\/site\/wp-json\/wp\/v2\/media?parent=38220"}],"wp:term":[{"taxonomy":"category","embeddable":true,"href":"https:\/\/maricatotal.com.br\/site\/wp-json\/wp\/v2\/categories?post=38220"},{"taxonomy":"post_tag","embeddable":true,"href":"https:\/\/maricatotal.com.br\/site\/wp-json\/wp\/v2\/tags?post=38220"}],"curies":[{"name":"wp","href":"https:\/\/api.w.org\/{rel}","templated":true}]}}