{"id":38346,"date":"2022-06-09T08:11:49","date_gmt":"2022-06-09T11:11:49","guid":{"rendered":"https:\/\/maricatotal.com.br\/site\/?p=38346"},"modified":"2022-06-09T08:11:50","modified_gmt":"2022-06-09T11:11:50","slug":"marica-saude-visita-instalacoes-do-futuro-centro-pediatrico-do-hospital-conde-modesto-leal","status":"publish","type":"post","link":"https:\/\/maricatotal.com.br\/site\/2022\/06\/09\/marica-saude-visita-instalacoes-do-futuro-centro-pediatrico-do-hospital-conde-modesto-leal\/","title":{"rendered":"Maric\u00e1: Sa\u00fade visita instala\u00e7\u00f5es do futuro Centro Pedi\u00e1trico do Hospital Conde Modesto Leal"},"content":{"rendered":"\n<p>A Prefeitura de Maric\u00e1, por meio da Secretaria de Sa\u00fade, promoveu, na ter\u00e7a-feira (07\/06), uma visita \u00e0s obras do Centro Pedi\u00e1trico do Hospital Municipal Conde Modesto Leal, que est\u00e1 em fase de readequa\u00e7\u00e3o e tem t\u00e9rmino previsto para o final deste ano. O espa\u00e7o de refer\u00eancia ter\u00e1 tr\u00eas consult\u00f3rios (podendo ser ampliado para quatro) e capacidade para 16 leitos destinados \u00e0s crian\u00e7as, entre enfermaria, isolamento e estabiliza\u00e7\u00e3o. Com a cria\u00e7\u00e3o do Centro Pedi\u00e1trico, os atendimentos ser\u00e3o otimizados, diminuindo o tempo de espera e contando tamb\u00e9m com maior aptid\u00e3o t\u00e9cnica para acolher os pacientes.<\/p>\n\n\n\n<p>A constru\u00e7\u00e3o est\u00e1 sendo feita pela autarquia Servi\u00e7os de Obras de Maric\u00e1 (Somar) e possuir\u00e1 tamb\u00e9m \u00e1rea para m\u00e9dicos, sala de hipodermia (medica\u00e7\u00e3o) com seis cadeiras e espa\u00e7o de recrea\u00e7\u00e3o infantil. A secret\u00e1ria de Sa\u00fade, Solange Oliveira, participou da visita e destacou a import\u00e2ncia do novo espa\u00e7o para a cidade, fundamental para acolher de forma r\u00e1pida e eficaz as crian\u00e7as que precisarem de atendimento, al\u00e9m de melhorar o fluxo de acolhimento pedi\u00e1trico no munic\u00edpio.<\/p>\n\n\n\n<p>\u201cExiste um d\u00e9ficit de leitos pedi\u00e1tricos em toda a Regi\u00e3o Metropolitana II, da qual Maric\u00e1 faz parte. Por isso, identificamos essa necessidade e trabalhamos na reestrutura\u00e7\u00e3o do espa\u00e7o localizado no hospital, que ser\u00e1 exclusivo para o atendimento de urg\u00eancia e interna\u00e7\u00e3o pedi\u00e1trica. O Hospital Conde Modesto Leal \u00e9 a unidade de porta aberta da cidade, sendo o melhor local para criar esse tipo de leito. Em breve, ampliaremos o atendimento pedi\u00e1trico, como no distrito de Itaipua\u00e7u, por exemplo\u201d, ressaltou.<\/p>\n\n\n\n<p><strong>Centro Pedi\u00e1trico alinhado \u00e0s necessidades da popula\u00e7\u00e3o<\/strong><\/p>\n\n\n\n<p>O secret\u00e1rio de Governo, Jo\u00e3o Maur\u00edcio, tamb\u00e9m esteve no futuro Centro Pedi\u00e1trico e garantiu que acompanhar o andamento das obras no local \u00e9 essencial, construindo um espa\u00e7o alinhado \u00e0s demandas da popula\u00e7\u00e3o. \u201cDurante a visita, verificamos o andamento das obras da nova pediatria do Hospital Conde Modesto Leal. Temos o compromisso de humanizar ainda mais os atendimentos e, em breve, vamos poder ofertar \u00e0 popula\u00e7\u00e3o um local onde as crian\u00e7as ser\u00e3o ainda melhor atendidas e com uma estrutura otimizada\u201d, acrescentou.<\/p>\n\n\n\n<p>Tamb\u00e9m participaram da visita o presidente da Somar, Guthyerre Alves; o diretor geral da Funda\u00e7\u00e3o Estatal de Sa\u00fade de Maric\u00e1, Marcelo Rosa; o superintendente da Rede de Urg\u00eancia e Emerg\u00eancia, Andersom Fagundes; e a primeira-dama de Maric\u00e1, Rosana Horta, incentivadora do projeto e madrinha do Centro Pedi\u00e1trico.<\/p>\n\n\n\n<p><strong>Novo espa\u00e7o amplia atendimentos realizados no Hospital Conde Modesto Leal<\/strong><\/p>\n\n\n\n<p>O Hospital Municipal Conde Modesto Leal, no Centro, atende atualmente de 1.500 a 2.000 crian\u00e7as por m\u00eas, com equipe completa 24 horas por dia, com tr\u00eas pediatras e um neonatologista por plant\u00e3o, que atendem de acordo com a classifica\u00e7\u00e3o de risco. Nesse contexto, o Centro Pedi\u00e1trico surge como uma nova refer\u00eancia para o atendimento pedi\u00e1trico na cidade, atuando de forma ampliada ao hospital, podendo acolher um n\u00famero ainda maior de pacientes, com toda a estrutura profissional e t\u00e9cnica.<\/p>\n","protected":false},"excerpt":{"rendered":"<p>A Prefeitura de Maric\u00e1, por meio da Secretaria de Sa\u00fade, promoveu, na ter\u00e7a-feira (07\/06), uma visita \u00e0s obras do Centro<\/p>\n","protected":false},"author":1,"featured_media":38348,"comment_status":"open","ping_status":"open","sticky":false,"template":"","format":"standard","meta":{"colormag_page_container_layout":"default_layout","colormag_page_sidebar_layout":"default_layout","footnotes":""},"categories":[18],"tags":[],"class_list":["post-38346","post","type-post","status-publish","format-standard","has-post-thumbnail","hentry","category-entretenimento"],"amp_enabled":true,"_links":{"self":[{"href":"https:\/\/maricatotal.com.br\/site\/wp-json\/wp\/v2\/posts\/38346","targetHints":{"allow":["GET"]}}],"collection":[{"href":"https:\/\/maricatotal.com.br\/site\/wp-json\/wp\/v2\/posts"}],"about":[{"href":"https:\/\/maricatotal.com.br\/site\/wp-json\/wp\/v2\/types\/post"}],"author":[{"embeddable":true,"href":"https:\/\/maricatotal.com.br\/site\/wp-json\/wp\/v2\/users\/1"}],"replies":[{"embeddable":true,"href":"https:\/\/maricatotal.com.br\/site\/wp-json\/wp\/v2\/comments?post=38346"}],"version-history":[{"count":1,"href":"https:\/\/maricatotal.com.br\/site\/wp-json\/wp\/v2\/posts\/38346\/revisions"}],"predecessor-version":[{"id":38349,"href":"https:\/\/maricatotal.com.br\/site\/wp-json\/wp\/v2\/posts\/38346\/revisions\/38349"}],"wp:featuredmedia":[{"embeddable":true,"href":"https:\/\/maricatotal.com.br\/site\/wp-json\/wp\/v2\/media\/38348"}],"wp:attachment":[{"href":"https:\/\/maricatotal.com.br\/site\/wp-json\/wp\/v2\/media?parent=38346"}],"wp:term":[{"taxonomy":"category","embeddable":true,"href":"https:\/\/maricatotal.com.br\/site\/wp-json\/wp\/v2\/categories?post=38346"},{"taxonomy":"post_tag","embeddable":true,"href":"https:\/\/maricatotal.com.br\/site\/wp-json\/wp\/v2\/tags?post=38346"}],"curies":[{"name":"wp","href":"https:\/\/api.w.org\/{rel}","templated":true}]}}