{"id":38487,"date":"2022-06-12T21:26:25","date_gmt":"2022-06-13T00:26:25","guid":{"rendered":"https:\/\/maricatotal.com.br\/site\/?p=38487"},"modified":"2022-06-12T21:26:25","modified_gmt":"2022-06-13T00:26:25","slug":"maricaverde-divulga-calendario-de-distribuicao-de-mudas-ate-agosto","status":"publish","type":"post","link":"https:\/\/maricatotal.com.br\/site\/2022\/06\/12\/maricaverde-divulga-calendario-de-distribuicao-de-mudas-ate-agosto\/","title":{"rendered":"Maric\u00e1+Verde divulga calend\u00e1rio de distribui\u00e7\u00e3o de mudas at\u00e9 agosto\u00a0"},"content":{"rendered":"\n<p>A Prefeitura de Maric\u00e1, por meio da Secretaria de Cidade Sustent\u00e1vel de Maric\u00e1, divulgou nesta quarta-feira (08\/06) o calend\u00e1rio de atividades do projeto Maric\u00e1+Verde dos meses de junho, julho e agosto, come\u00e7ando nesta quinta-feira (09\/06) com distribui\u00e7\u00e3o de mudas da Mata Atl\u00e2ntica no Condado. O programa tamb\u00e9m passa pelos bairros de Ino\u00e3 (no Habib\u2019s, em 23\/06) e Recanto (Pra\u00e7a do Col\u00e9gio Mata Atl\u00e2ntica, em 30\/06) ainda no m\u00eas de junho e vai recolher agasalhos para doa\u00e7\u00e3o.<\/p>\n\n\n\n<p>Cerca de cem esp\u00e9cies de plantas nativas na Mata Atl\u00e2ntica, entre elas ip\u00ea-rosa, ip\u00ea-amarelo, goiabeira, palmeiras, aroeira e demais variedades, ser\u00e3o entregues gratuitamente, e t\u00e9cnicos da secretaria orientar\u00e3o sobre o plantio e os cuidados que devem ser adotados para o crescimento das mudas. O projeto segue nas pr\u00f3ximas semanas, sempre \u00e0s quintas-feiras, a partir das 9h.<\/p>\n\n\n\n<p><strong>Confira a agenda das pr\u00f3ximas edi\u00e7\u00f5es:<\/strong><\/p>\n\n\n\n<p><strong>Junho<\/strong><br>09 \u2013 Condado (pr\u00f3xima \u00e0 portaria)<br>23 \u2013 Ino\u00e3 (Habib\u2019s)<br>30 \u2013 Recanto (Pra\u00e7a do Col\u00e9gio Mata Atl\u00e2ntica)<\/p>\n\n\n\n<p><strong>Julho<\/strong><br>07 \u2013 Bambu\u00ed (pra\u00e7a)<br>14 \u2013 Silvado (pra\u00e7a)<br>21 \u2013 Jacon\u00e9 (Rua 2 \u2013 Mercado do Guto)<br>28 \u2013 Barroco (pra\u00e7a)<\/p>\n\n\n\n<p><strong>Agosto<\/strong><br>04 \u2013 Parque Nanci (Pastel do Scooby)<br>11 \u2013 S\u00e3o Jos\u00e9 (passarela Km 21,5)<br>18 \u2013 Flamengo (em frente a lot\u00e9rica)<br>25 \u2013 Itaocaia Valley (pra\u00e7a)<\/p>\n","protected":false},"excerpt":{"rendered":"<p>A Prefeitura de Maric\u00e1, por meio da Secretaria de Cidade Sustent\u00e1vel de Maric\u00e1, divulgou nesta quarta-feira (08\/06) o calend\u00e1rio de<\/p>\n","protected":false},"author":1,"featured_media":38488,"comment_status":"open","ping_status":"open","sticky":false,"template":"","format":"standard","meta":{"colormag_page_container_layout":"default_layout","colormag_page_sidebar_layout":"default_layout","footnotes":""},"categories":[18],"tags":[],"class_list":["post-38487","post","type-post","status-publish","format-standard","has-post-thumbnail","hentry","category-entretenimento"],"amp_enabled":true,"_links":{"self":[{"href":"https:\/\/maricatotal.com.br\/site\/wp-json\/wp\/v2\/posts\/38487","targetHints":{"allow":["GET"]}}],"collection":[{"href":"https:\/\/maricatotal.com.br\/site\/wp-json\/wp\/v2\/posts"}],"about":[{"href":"https:\/\/maricatotal.com.br\/site\/wp-json\/wp\/v2\/types\/post"}],"author":[{"embeddable":true,"href":"https:\/\/maricatotal.com.br\/site\/wp-json\/wp\/v2\/users\/1"}],"replies":[{"embeddable":true,"href":"https:\/\/maricatotal.com.br\/site\/wp-json\/wp\/v2\/comments?post=38487"}],"version-history":[{"count":1,"href":"https:\/\/maricatotal.com.br\/site\/wp-json\/wp\/v2\/posts\/38487\/revisions"}],"predecessor-version":[{"id":38489,"href":"https:\/\/maricatotal.com.br\/site\/wp-json\/wp\/v2\/posts\/38487\/revisions\/38489"}],"wp:featuredmedia":[{"embeddable":true,"href":"https:\/\/maricatotal.com.br\/site\/wp-json\/wp\/v2\/media\/38488"}],"wp:attachment":[{"href":"https:\/\/maricatotal.com.br\/site\/wp-json\/wp\/v2\/media?parent=38487"}],"wp:term":[{"taxonomy":"category","embeddable":true,"href":"https:\/\/maricatotal.com.br\/site\/wp-json\/wp\/v2\/categories?post=38487"},{"taxonomy":"post_tag","embeddable":true,"href":"https:\/\/maricatotal.com.br\/site\/wp-json\/wp\/v2\/tags?post=38487"}],"curies":[{"name":"wp","href":"https:\/\/api.w.org\/{rel}","templated":true}]}}