{"id":38512,"date":"2022-06-13T19:12:16","date_gmt":"2022-06-13T22:12:16","guid":{"rendered":"https:\/\/maricatotal.com.br\/site\/?p=38512"},"modified":"2022-06-13T19:12:16","modified_gmt":"2022-06-13T22:12:16","slug":"homem-e-detido-pelo-proeis-com-drogas-em-sao-jose-do-imbassai","status":"publish","type":"post","link":"https:\/\/maricatotal.com.br\/site\/2022\/06\/13\/homem-e-detido-pelo-proeis-com-drogas-em-sao-jose-do-imbassai\/","title":{"rendered":"Homem \u00e9 detido pelo PROEIS com drogas em S\u00e3o Jos\u00e9 do Imbassa\u00ed"},"content":{"rendered":"\n<p>Policiais militares do Programa Estadual de Integra\u00e7\u00e3o na Seguran\u00e7a (PROEIS) detiveram um homem com drogas, em S\u00e3o Jos\u00e9 do Imbassa\u00ed, na tarde desta segunda-feira (13).<\/p>\n\n\n\n<p>De acordo com informa\u00e7\u00f5es, policiais deram ordem para o homem parar e ele n\u00e3o acatou. Em seguida, o acusado discutiu com os militares e afirmou que n\u00e3o poderia ser revistado pelos agentes.<\/p>\n\n\n\n<p>O homem precisou ser algemado no ch\u00e3o, sendo detido. Com ele, foram encontradas 03 tabletes de maconha seca, dinheiro e um celular.<\/p>\n\n\n\n<p>O acusado foi encaminhado para a 82\u00aa DP (Maric\u00e1), onde o caso ser\u00e1 registrado.&nbsp;<\/p>\n","protected":false},"excerpt":{"rendered":"<p>Policiais militares do Programa Estadual de Integra\u00e7\u00e3o na Seguran\u00e7a (PROEIS) detiveram um homem com drogas, em S\u00e3o Jos\u00e9 do Imbassa\u00ed,<\/p>\n","protected":false},"author":1,"featured_media":38513,"comment_status":"open","ping_status":"open","sticky":false,"template":"","format":"standard","meta":{"colormag_page_container_layout":"default_layout","colormag_page_sidebar_layout":"default_layout","footnotes":""},"categories":[1],"tags":[],"class_list":["post-38512","post","type-post","status-publish","format-standard","has-post-thumbnail","hentry","category-noticias"],"amp_enabled":true,"_links":{"self":[{"href":"https:\/\/maricatotal.com.br\/site\/wp-json\/wp\/v2\/posts\/38512","targetHints":{"allow":["GET"]}}],"collection":[{"href":"https:\/\/maricatotal.com.br\/site\/wp-json\/wp\/v2\/posts"}],"about":[{"href":"https:\/\/maricatotal.com.br\/site\/wp-json\/wp\/v2\/types\/post"}],"author":[{"embeddable":true,"href":"https:\/\/maricatotal.com.br\/site\/wp-json\/wp\/v2\/users\/1"}],"replies":[{"embeddable":true,"href":"https:\/\/maricatotal.com.br\/site\/wp-json\/wp\/v2\/comments?post=38512"}],"version-history":[{"count":1,"href":"https:\/\/maricatotal.com.br\/site\/wp-json\/wp\/v2\/posts\/38512\/revisions"}],"predecessor-version":[{"id":38514,"href":"https:\/\/maricatotal.com.br\/site\/wp-json\/wp\/v2\/posts\/38512\/revisions\/38514"}],"wp:featuredmedia":[{"embeddable":true,"href":"https:\/\/maricatotal.com.br\/site\/wp-json\/wp\/v2\/media\/38513"}],"wp:attachment":[{"href":"https:\/\/maricatotal.com.br\/site\/wp-json\/wp\/v2\/media?parent=38512"}],"wp:term":[{"taxonomy":"category","embeddable":true,"href":"https:\/\/maricatotal.com.br\/site\/wp-json\/wp\/v2\/categories?post=38512"},{"taxonomy":"post_tag","embeddable":true,"href":"https:\/\/maricatotal.com.br\/site\/wp-json\/wp\/v2\/tags?post=38512"}],"curies":[{"name":"wp","href":"https:\/\/api.w.org\/{rel}","templated":true}]}}