{"id":38741,"date":"2022-06-19T22:42:40","date_gmt":"2022-06-20T01:42:40","guid":{"rendered":"https:\/\/maricatotal.com.br\/site\/?p=38741"},"modified":"2022-07-14T10:18:56","modified_gmt":"2022-07-14T13:18:56","slug":"ministerio-da-saude-confirma-primeiro-caso-de-variola-dos-macacos-em-marica","status":"publish","type":"post","link":"https:\/\/maricatotal.com.br\/site\/2022\/06\/19\/ministerio-da-saude-confirma-primeiro-caso-de-variola-dos-macacos-em-marica\/","title":{"rendered":"Minist\u00e9rio da Sa\u00fade confirma primeiro caso de var\u00edola dos macacos em Maric\u00e1"},"content":{"rendered":"\n<p>O Minist\u00e9rio da Sa\u00fade confirmou neste domingo (19) o oitavo caso de var\u00edola dos macacos no Brasil. O caso foi confirmado pelo Laborat\u00f3rio de Enterovirus do Instituto Oswaldo Cruz no Rio de Janeiro.<\/p>\n\n\n\n<p>O paciente \u00e9 do sexo masculino, tem 25 anos e mora no munic\u00edpio de Maric\u00e1. Ele n\u00e3o tem hist\u00f3rico de viagem para o exterior, mas relata contato com estrangeiros.<\/p>\n\n\n\n<p>De acordo com o \u00f3rg\u00e3o, o paciente apresenta quadro cl\u00ednico est\u00e1vel, sem complica\u00e7\u00f5es e est\u00e1 sendo monitorado pelo Instituto Nacional de Infectologia e pelas Secretarias de Sa\u00fade do Estado e Munic\u00edpio.<\/p>\n\n\n\n<p>\u201cTodas as medidas de conten\u00e7\u00e3o e controle foram adotadas imediatamente ap\u00f3s a comunica\u00e7\u00e3o de que se tratava de um caso suspeito de monkeypox [var\u00edola dos macacos], com o isolamento do paciente e rastreamento dos seus contatos\u201d, diz o comunicado do Minist\u00e9rio da Sa\u00fade.<\/p>\n\n\n\n<p>No momento, o Brasil tem confirmados quatro casos da doen\u00e7a em S\u00e3o Paulo, dois no Rio Grande do Sul e dois no Rio de Janeiro. Outros seis casos est\u00e3o sendo investigados, disse o \u00f3rg\u00e3o. Todos os pacientes est\u00e3o isolados e em monitoramento.<\/p>\n","protected":false},"excerpt":{"rendered":"<p>O Minist\u00e9rio da Sa\u00fade confirmou neste domingo (19) o oitavo caso de var\u00edola dos macacos no Brasil. O caso foi<\/p>\n","protected":false},"author":1,"featured_media":38742,"comment_status":"open","ping_status":"open","sticky":false,"template":"","format":"standard","meta":{"colormag_page_container_layout":"default_layout","colormag_page_sidebar_layout":"default_layout","footnotes":""},"categories":[14],"tags":[],"class_list":["post-38741","post","type-post","status-publish","format-standard","has-post-thumbnail","hentry","category-bairros"],"amp_enabled":true,"_links":{"self":[{"href":"https:\/\/maricatotal.com.br\/site\/wp-json\/wp\/v2\/posts\/38741","targetHints":{"allow":["GET"]}}],"collection":[{"href":"https:\/\/maricatotal.com.br\/site\/wp-json\/wp\/v2\/posts"}],"about":[{"href":"https:\/\/maricatotal.com.br\/site\/wp-json\/wp\/v2\/types\/post"}],"author":[{"embeddable":true,"href":"https:\/\/maricatotal.com.br\/site\/wp-json\/wp\/v2\/users\/1"}],"replies":[{"embeddable":true,"href":"https:\/\/maricatotal.com.br\/site\/wp-json\/wp\/v2\/comments?post=38741"}],"version-history":[{"count":1,"href":"https:\/\/maricatotal.com.br\/site\/wp-json\/wp\/v2\/posts\/38741\/revisions"}],"predecessor-version":[{"id":38744,"href":"https:\/\/maricatotal.com.br\/site\/wp-json\/wp\/v2\/posts\/38741\/revisions\/38744"}],"wp:featuredmedia":[{"embeddable":true,"href":"https:\/\/maricatotal.com.br\/site\/wp-json\/wp\/v2\/media\/38742"}],"wp:attachment":[{"href":"https:\/\/maricatotal.com.br\/site\/wp-json\/wp\/v2\/media?parent=38741"}],"wp:term":[{"taxonomy":"category","embeddable":true,"href":"https:\/\/maricatotal.com.br\/site\/wp-json\/wp\/v2\/categories?post=38741"},{"taxonomy":"post_tag","embeddable":true,"href":"https:\/\/maricatotal.com.br\/site\/wp-json\/wp\/v2\/tags?post=38741"}],"curies":[{"name":"wp","href":"https:\/\/api.w.org\/{rel}","templated":true}]}}