{"id":38959,"date":"2022-06-24T08:14:34","date_gmt":"2022-06-24T11:14:34","guid":{"rendered":"https:\/\/maricatotal.com.br\/site\/?p=38959"},"modified":"2022-07-14T10:21:51","modified_gmt":"2022-07-14T13:21:51","slug":"marica-ordem-publica-realiza-reuniao-mensal-do-ggim","status":"publish","type":"post","link":"https:\/\/maricatotal.com.br\/site\/2022\/06\/24\/marica-ordem-publica-realiza-reuniao-mensal-do-ggim\/","title":{"rendered":"Maric\u00e1: Ordem P\u00fablica realiza reuni\u00e3o mensal do GGIM"},"content":{"rendered":"\n<p>A Prefeitura de Maric\u00e1 realizou nesta quinta-feira (23\/06) uma reuni\u00e3o mensal do Gabinete de Gest\u00e3o Integrada Municipal (GGIM), no audit\u00f3rio do Banco Mumbuca, no Centro, com a participa\u00e7\u00e3o de representantes do legislativo, do Minist\u00e9rio P\u00fablico, da Defensoria P\u00fablica, das Pol\u00edcias Civil e Militar e do Conselho Comunit\u00e1rio de Seguran\u00e7a. Tamb\u00e9m participaram do encontro os secret\u00e1rios de Transporte e Tr\u00e2nsito e Engenharia Vi\u00e1ria. Entre os assuntos abordados estiveram as atua\u00e7\u00f5es dos grupamentos da Ronda Escolar, de Defesa Ambiental, Maria da Penha, de Tr\u00e2nsito, da Ouvidoria da Guarda Municipal, entre outros.<\/p>\n\n\n\n<p>\u201c\u00c9 uma satisfa\u00e7\u00e3o imensa receber todos em mais uma reuni\u00e3o do GGIM, na ocasi\u00e3o em que os problemas que chegam s\u00e3o apresentados e t\u00eam que ser solucionados por todos n\u00f3s. Aqui, n\u00f3s n\u00e3o jogamos os problemas para a pol\u00edcia resolver e pensamos juntos o que vai ser feito. Por isso, \u00e9 importante a transpar\u00eancia das nossas a\u00e7\u00f5es\u201d, disse o secret\u00e1rio de Ordem P\u00fablica e Gest\u00e3o de Gabinete Institucional (Seop), J\u00falio Cesar Veras.<\/p>\n\n\n\n<p>A estrutura da Seop (Proeis, Ciosp), a moderniza\u00e7\u00e3o da frota e a participa\u00e7\u00e3o em grandes eventos tamb\u00e9m foram discutidas. Atualmente, cerca de 130 homens atuam por dia nas ruas da cidade por meio do Programa Estadual de Integra\u00e7\u00e3o na Seguran\u00e7a (Proeis), sendo 68 policiais de dia e 62 \u00e0 noite. O efetivo pode chegar a 170, ou seja, Maric\u00e1 conta com 40 vagas reservadas a serem utilizadas quando houver necessidade de servi\u00e7o, como por exemplo, em grandes eventos.<\/p>\n\n\n\n<p>De janeiro a maio deste ano, foram registradas 26 ocorr\u00eancias, sendo as principais averigua\u00e7\u00e3o de pessoas (23%) e de ve\u00edculos (12%), encontro de cad\u00e1ver (8%), roubo a transeunte (4%) e de ve\u00edculos (4%).<\/p>\n\n\n\n<p><strong>A\u00e7\u00f5es da Guarda Municipal<\/strong><\/p>\n\n\n\n<p>Desde o in\u00edcio da pandemia, cerca de 8500 liga\u00e7\u00f5es foram recebidas pelo Disk Seop. A Ouvidoria fez 39 atendimentos de janeiro a maio de 2022. Entre os principais assuntos, elogios (38%), reclama\u00e7\u00f5es (38%), den\u00fancias (15%) e sugest\u00f5es (8%), sendo 41% feitos pelo WhatsApp e 23% pelo email. Os contatos da Ouvidoria s\u00e3o&nbsp;<a href=\"tel:(21) 99759-7852\">(21) 99759-7852<\/a>, do WhatsApp (apenas mensagens de texto) ou ouvidoriagmm@marica.rj.gov.br.<\/p>\n\n\n\n<p>Com 16 guardas municipais, o Grupamento de Ronda Escolar realizou no \u00faltimo m\u00eas, 575 visitas e promoveu 14 palestras, oito media\u00e7\u00f5es de conflitos e dois atendimentos a pedestres. Em todas as a\u00e7\u00f5es, a prote\u00e7\u00e3o das crian\u00e7as e dos adolescentes foi colocada como prioridade. A Secretaria de Ordem P\u00fablica e Gest\u00e3o de Gabinete Institucional prev\u00ea novas viaturas para o grupamento e tamb\u00e9m treinamento de mais profissionais para ampliar o atendimento qualificado aos estudantes.<\/p>\n\n\n\n<p>As principais a\u00e7\u00f5es do Grupamento de Defesa Ambiental, entre os meses de janeiro e maio de 2022, foram de combate \u00e0 queimada (30%); \u00e0 pesca ilegal (15%); al\u00e9m de montagem de churrasqueira em \u00e1rea de praia (12%); resgate de animal silvestre (11%) e atendimento a den\u00fancias de maus tratos de animais dom\u00e9sticos (7%, totalizando 121 atendimentos).<\/p>\n\n\n\n<p>O Grupamento Maria da Pena atuou em seis casos de viol\u00eancia dom\u00e9stica e um descumprimento de medida protetiva desde que iniciou as atividades em maio de 2022 at\u00e9 o momento. Os agentes tamb\u00e9m identificaram uma situa\u00e7\u00e3o em que a v\u00edtima era perseguida nas redes sociais por seu agressor e ela foi conduzida \u00e0 delegacia, onde o registro da ocorr\u00eancia foi feito.<\/p>\n\n\n\n<p>O Grupamento Especial de Tr\u00e2nsito registrou 1.233 infra\u00e7\u00f5es e removeu 27 ve\u00edculos estacionados irregularmente para o p\u00e1tio legal. Entre as principais infra\u00e7\u00f5es registradas est\u00e3o estacionamento na cal\u00e7ada, a falta do uso do capacete e o estacionamento em local proibido pela sinaliza\u00e7\u00e3o.<\/p>\n\n\n\n<p><strong>Centro de Opera\u00e7\u00f5es de Seguran\u00e7a (Ciosp)<\/strong><\/p>\n\n\n\n<p>As 136 c\u00e2meras do Centro de Opera\u00e7\u00f5es de Seguran\u00e7a (Ciosp) ajudaram na identifica\u00e7\u00e3o e recupera\u00e7\u00e3o de ve\u00edculos clonados (cinco em 2020, cinco em 2021 e oito em 2022) e roubados (quatro em 2020, cinco em 2021 e um em 2022). Um projeto de expans\u00e3o do monitoramento est\u00e1 em andamento e contar\u00e1 com 250 novas c\u00e2meras.<\/p>\n\n\n\n<p>O Centro Integrado de Seguran\u00e7a de Maric\u00e1 j\u00e1 \u00e9 refer\u00eancia em monitoramento no estado do Rio de Janeiro, recebendo a visita de gestores de diferentes cidades, como as Guardas Municipais de Mag\u00e9, Itabora\u00ed e Duque de Caxias, a Coordenadoria Especializada de Tecnologia da Informa\u00e7\u00e3o e Comunica\u00e7\u00e3o (CETIC) e a 6\u00aa Cia da Pol\u00edcia Militar do Estado do Rio de Janeiro.<\/p>\n\n\n\n<p>Subsecret\u00e1rio de Governo, Alexandre Costa destacou que h\u00e1 a\u00e7\u00f5es importantes em andamento, que contribuem para refor\u00e7ar a seguran\u00e7a na cidade, como a Cidade da Ordem P\u00fablica, que, segundo ele, j\u00e1 est\u00e3o bem encaminhadas.<\/p>\n\n\n\n<p>\u201cMuitas vezes as pessoas sofrem a viol\u00eancia e acham natural e n\u00e3o relatam. Precisamos educar nossos meninos nas escolas. Para o Minha Casa Minha Vida de Itaipua\u00e7u, n\u00f3s temos projetos avan\u00e7ados, que vamos estender para demais bairros da cidade. Acredito que assim ajudamos a reduzir a viol\u00eancia quando debatemos outros temas, como a ilumina\u00e7\u00e3o de locais escuros, por exemplo. \u00c9 vis\u00edvel que o trabalho melhorou muito. S\u00e3o frequentes os elogios sobre a atua\u00e7\u00e3o da Guarda Municipal. A sensa\u00e7\u00e3o de seguran\u00e7a que temos em Maric\u00e1 agora \u00e9 outra\u201d, disse Alexandre.<\/p>\n","protected":false},"excerpt":{"rendered":"<p>A Prefeitura de Maric\u00e1 realizou nesta quinta-feira (23\/06) uma reuni\u00e3o mensal do Gabinete de Gest\u00e3o Integrada Municipal (GGIM), no audit\u00f3rio<\/p>\n","protected":false},"author":1,"featured_media":38960,"comment_status":"open","ping_status":"open","sticky":false,"template":"","format":"standard","meta":{"colormag_page_container_layout":"default_layout","colormag_page_sidebar_layout":"default_layout","footnotes":""},"categories":[18],"tags":[],"class_list":["post-38959","post","type-post","status-publish","format-standard","has-post-thumbnail","hentry","category-entretenimento"],"amp_enabled":true,"_links":{"self":[{"href":"https:\/\/maricatotal.com.br\/site\/wp-json\/wp\/v2\/posts\/38959","targetHints":{"allow":["GET"]}}],"collection":[{"href":"https:\/\/maricatotal.com.br\/site\/wp-json\/wp\/v2\/posts"}],"about":[{"href":"https:\/\/maricatotal.com.br\/site\/wp-json\/wp\/v2\/types\/post"}],"author":[{"embeddable":true,"href":"https:\/\/maricatotal.com.br\/site\/wp-json\/wp\/v2\/users\/1"}],"replies":[{"embeddable":true,"href":"https:\/\/maricatotal.com.br\/site\/wp-json\/wp\/v2\/comments?post=38959"}],"version-history":[{"count":1,"href":"https:\/\/maricatotal.com.br\/site\/wp-json\/wp\/v2\/posts\/38959\/revisions"}],"predecessor-version":[{"id":38961,"href":"https:\/\/maricatotal.com.br\/site\/wp-json\/wp\/v2\/posts\/38959\/revisions\/38961"}],"wp:featuredmedia":[{"embeddable":true,"href":"https:\/\/maricatotal.com.br\/site\/wp-json\/wp\/v2\/media\/38960"}],"wp:attachment":[{"href":"https:\/\/maricatotal.com.br\/site\/wp-json\/wp\/v2\/media?parent=38959"}],"wp:term":[{"taxonomy":"category","embeddable":true,"href":"https:\/\/maricatotal.com.br\/site\/wp-json\/wp\/v2\/categories?post=38959"},{"taxonomy":"post_tag","embeddable":true,"href":"https:\/\/maricatotal.com.br\/site\/wp-json\/wp\/v2\/tags?post=38959"}],"curies":[{"name":"wp","href":"https:\/\/api.w.org\/{rel}","templated":true}]}}