{"id":38971,"date":"2022-06-24T12:32:35","date_gmt":"2022-06-24T15:32:35","guid":{"rendered":"https:\/\/maricatotal.com.br\/site\/?p=38971"},"modified":"2022-07-14T10:22:02","modified_gmt":"2022-07-14T13:22:02","slug":"camara-municipal-de-marica-emite-nota-oficial-sobre-denuncia-a-troca-de-nomes-de-placas-em-itaipuacu","status":"publish","type":"post","link":"https:\/\/maricatotal.com.br\/site\/2022\/06\/24\/camara-municipal-de-marica-emite-nota-oficial-sobre-denuncia-a-troca-de-nomes-de-placas-em-itaipuacu\/","title":{"rendered":"C\u00e2mara Municipal de Maric\u00e1 emite nota oficial sobre den\u00fancia a troca de nomes de placas em Itaipua\u00e7u"},"content":{"rendered":"\n<p>A C\u00e2mara Municipal de Maric\u00e1 divulgou uma nota oficial desmentindo uma informa\u00e7\u00e3o equivocada de um morador que denuncia a coloca\u00e7\u00e3o de placas de identifica\u00e7\u00e3o na Avenida Itaocaia Valley, no bairro de mesmo nome, para Avenida Vereadora Romilda Nunes (m\u00e3e do atual presidente da C\u00e2mara Aldair de Linda).<\/p>\n\n\n\n<p><strong>Confira a Nota Oficial:<\/strong><\/p>\n\n\n\n<p>Cabe ressaltar que a lei n\u00e3o \u00e9 de autoria do vereador Aldair de Linda e foi revogada em dezembro 2019, mesmo ano em que foi criada. Importante destacar que, a revoga\u00e7\u00e3o foi publicada dois dias depois na edi\u00e7\u00e3o n\u00ba 1012 de 11 de dezembro de 2019 no Jornal Oficial de Maric\u00e1 (JOM). Portanto, todo o tr\u00e2mite legal de cria\u00e7\u00e3o e revoga\u00e7\u00e3o de lei foi realizado pela C\u00e2mara Municipal de Maric\u00e1.<\/p>\n\n\n\n<p>O presidente Aldair de Linda informa ainda, por meio desta nota, que solicitar\u00e1 a imediata substitui\u00e7\u00e3o das placas para que o mun\u00edcipe compreenda que n\u00e3o houve altera\u00e7\u00e3o da citada avenida.<\/p>\n\n\n\n<p>\u201cQuero esclarecer que n\u00e3o solicitei a coloca\u00e7\u00e3o de novas placas com o nome da minha m\u00e3e na Avenida Itaocaia Valley. Vamos pedir \u00e0 prefeitura que promova a substitui\u00e7\u00e3o urgente das placas instaladas para a coloca\u00e7\u00e3o com o nome correto do logradouro a consta Avenida Itaocaia Valley. Aproveito ainda para dizer que n\u00e3o fui o criador da lei e que esta lei foi votada e aprovada seguindo o regimento interno da C\u00e2mara e respeitando todos os crit\u00e9rios estabelecidos\u201d, explicou Aldair.<\/p>\n","protected":false},"excerpt":{"rendered":"<p>A C\u00e2mara Municipal de Maric\u00e1 divulgou uma nota oficial desmentindo uma informa\u00e7\u00e3o equivocada de um morador que denuncia a coloca\u00e7\u00e3o<\/p>\n","protected":false},"author":1,"featured_media":38973,"comment_status":"open","ping_status":"open","sticky":false,"template":"","format":"standard","meta":{"colormag_page_container_layout":"default_layout","colormag_page_sidebar_layout":"default_layout","footnotes":""},"categories":[17],"tags":[],"class_list":["post-38971","post","type-post","status-publish","format-standard","has-post-thumbnail","hentry","category-politica"],"amp_enabled":true,"_links":{"self":[{"href":"https:\/\/maricatotal.com.br\/site\/wp-json\/wp\/v2\/posts\/38971","targetHints":{"allow":["GET"]}}],"collection":[{"href":"https:\/\/maricatotal.com.br\/site\/wp-json\/wp\/v2\/posts"}],"about":[{"href":"https:\/\/maricatotal.com.br\/site\/wp-json\/wp\/v2\/types\/post"}],"author":[{"embeddable":true,"href":"https:\/\/maricatotal.com.br\/site\/wp-json\/wp\/v2\/users\/1"}],"replies":[{"embeddable":true,"href":"https:\/\/maricatotal.com.br\/site\/wp-json\/wp\/v2\/comments?post=38971"}],"version-history":[{"count":2,"href":"https:\/\/maricatotal.com.br\/site\/wp-json\/wp\/v2\/posts\/38971\/revisions"}],"predecessor-version":[{"id":38977,"href":"https:\/\/maricatotal.com.br\/site\/wp-json\/wp\/v2\/posts\/38971\/revisions\/38977"}],"wp:featuredmedia":[{"embeddable":true,"href":"https:\/\/maricatotal.com.br\/site\/wp-json\/wp\/v2\/media\/38973"}],"wp:attachment":[{"href":"https:\/\/maricatotal.com.br\/site\/wp-json\/wp\/v2\/media?parent=38971"}],"wp:term":[{"taxonomy":"category","embeddable":true,"href":"https:\/\/maricatotal.com.br\/site\/wp-json\/wp\/v2\/categories?post=38971"},{"taxonomy":"post_tag","embeddable":true,"href":"https:\/\/maricatotal.com.br\/site\/wp-json\/wp\/v2\/tags?post=38971"}],"curies":[{"name":"wp","href":"https:\/\/api.w.org\/{rel}","templated":true}]}}