{"id":38978,"date":"2022-06-24T20:30:26","date_gmt":"2022-06-24T23:30:26","guid":{"rendered":"https:\/\/maricatotal.com.br\/site\/?p=38978"},"modified":"2022-07-14T10:22:07","modified_gmt":"2022-07-14T13:22:07","slug":"motociclista-tem-perna-amputada-apos-grave-acidente-com-carro-na-rj-114-em-ubatiba","status":"publish","type":"post","link":"https:\/\/maricatotal.com.br\/site\/2022\/06\/24\/motociclista-tem-perna-amputada-apos-grave-acidente-com-carro-na-rj-114-em-ubatiba\/","title":{"rendered":"Motociclista tem perna amputada ap\u00f3s grave acidente com carro na RJ-114, em Ubatiba"},"content":{"rendered":"\n<p>Um homem perdeu a perna em um grave acidente entre um carro e uma moto, na RJ-114, em Ubatiba, Maric\u00e1, na noite desta sexta-feira (24).<\/p>\n\n\n\n<p>De acordo com informa\u00e7\u00f5es, o motociclista colidiu violentamente de frente com o carro.<\/p>\n\n\n\n<p>Com o impacto da batida, o homem perdeu uma das pernas, tendo uma amputa\u00e7\u00e3o traum\u00e1tica, ficando gravemente ferido.<\/p>\n\n\n\n<p>Bombeiros do Destacamento de Maric\u00e1 foram acionados para o local e prestaram os primeiros socorros para a Uellington Mendon\u00e7a da Cunha, de 31 anos. Em seguida, o homem foi encaminhado para o Hospital Municipal Conde Modesto Leal.<\/p>\n\n\n\n<p>Ap\u00f3s o acidente, o motorista do carro fugiu do local do acidente, mas abandou o ve\u00edculo que ficou bastante danificado metros \u00e0 frente.&nbsp;<\/p>\n\n\n\n<p>Policiais militares estiveram no local e registraram a ocorr\u00eancia.&nbsp;<\/p>\n","protected":false},"excerpt":{"rendered":"<p>Um homem perdeu a perna em um grave acidente entre um carro e uma moto, na RJ-114, em Ubatiba, Maric\u00e1,<\/p>\n","protected":false},"author":1,"featured_media":38980,"comment_status":"open","ping_status":"open","sticky":false,"template":"","format":"standard","meta":{"colormag_page_container_layout":"default_layout","colormag_page_sidebar_layout":"default_layout","footnotes":""},"categories":[14],"tags":[],"class_list":["post-38978","post","type-post","status-publish","format-standard","has-post-thumbnail","hentry","category-bairros"],"amp_enabled":true,"_links":{"self":[{"href":"https:\/\/maricatotal.com.br\/site\/wp-json\/wp\/v2\/posts\/38978","targetHints":{"allow":["GET"]}}],"collection":[{"href":"https:\/\/maricatotal.com.br\/site\/wp-json\/wp\/v2\/posts"}],"about":[{"href":"https:\/\/maricatotal.com.br\/site\/wp-json\/wp\/v2\/types\/post"}],"author":[{"embeddable":true,"href":"https:\/\/maricatotal.com.br\/site\/wp-json\/wp\/v2\/users\/1"}],"replies":[{"embeddable":true,"href":"https:\/\/maricatotal.com.br\/site\/wp-json\/wp\/v2\/comments?post=38978"}],"version-history":[{"count":1,"href":"https:\/\/maricatotal.com.br\/site\/wp-json\/wp\/v2\/posts\/38978\/revisions"}],"predecessor-version":[{"id":38981,"href":"https:\/\/maricatotal.com.br\/site\/wp-json\/wp\/v2\/posts\/38978\/revisions\/38981"}],"wp:featuredmedia":[{"embeddable":true,"href":"https:\/\/maricatotal.com.br\/site\/wp-json\/wp\/v2\/media\/38980"}],"wp:attachment":[{"href":"https:\/\/maricatotal.com.br\/site\/wp-json\/wp\/v2\/media?parent=38978"}],"wp:term":[{"taxonomy":"category","embeddable":true,"href":"https:\/\/maricatotal.com.br\/site\/wp-json\/wp\/v2\/categories?post=38978"},{"taxonomy":"post_tag","embeddable":true,"href":"https:\/\/maricatotal.com.br\/site\/wp-json\/wp\/v2\/tags?post=38978"}],"curies":[{"name":"wp","href":"https:\/\/api.w.org\/{rel}","templated":true}]}}