{"id":38984,"date":"2022-06-25T08:26:52","date_gmt":"2022-06-25T11:26:52","guid":{"rendered":"https:\/\/maricatotal.com.br\/site\/?p=38984"},"modified":"2022-07-14T10:22:10","modified_gmt":"2022-07-14T13:22:10","slug":"segundo-fim-de-semana-do-arraia-de-marica-tem-shows-em-tres-bairros","status":"publish","type":"post","link":"https:\/\/maricatotal.com.br\/site\/2022\/06\/25\/segundo-fim-de-semana-do-arraia-de-marica-tem-shows-em-tres-bairros\/","title":{"rendered":"Segundo fim de semana do Arrai\u00e1 de Maric\u00e1 tem shows em tr\u00eas bairros\u00a0"},"content":{"rendered":"\n<p>O Arrai\u00e1 de Maric\u00e1 chega ao segundo fim de semana, sexta, s\u00e1bado e domingo, com atra\u00e7\u00f5es nos palcos montados no Caju, em Itaipua\u00e7u e em Cordeirinho. Al\u00e9m das atra\u00e7\u00f5es musicais, o evento realizado pela Prefeitura de Maric\u00e1 ter\u00e1 apresenta\u00e7\u00f5es de dan\u00e7a caipira (quadrilha) e as tradicionais barraquinhas de comidas t\u00edpicas, al\u00e9m de diversas brincadeiras para toda a fam\u00edlia.<\/p>\n\n\n\n<p>A festa come\u00e7a sempre \u00e0s 18h30, com shows tamb\u00e9m \u00e0s 21h30, e as apresenta\u00e7\u00f5es das quadrilhas juninas \u00e0s 20h30, entre uma atra\u00e7\u00e3o musical e outra. No pr\u00f3ximo fim de semana, a festa chega aos bairros Spar, Itaocaia Valley, Ponta Negra e Barra de Maric\u00e1 \u2013 que receber\u00e1 shows tamb\u00e9m entre os dias 8 e 10\/07, juntamente com o bairro Santa Paula.<\/p>\n\n\n\n<p>Confira a programa\u00e7\u00e3o do Arrai\u00e1 de Maric\u00e1 deste fim de semana:<\/p>\n\n\n\n<p>Sexta-feira (24\/06):<\/p>\n\n\n\n<p>Caju<\/p>\n\n\n\n<p>18H30 \u2013 Tatudoemcasa<\/p>\n\n\n\n<p>20H30 \u2013 Quadrilha<\/p>\n\n\n\n<p>21H30 \u2013 L\u00e9o Lima<\/p>\n\n\n\n<p>Itaipua\u00e7u<\/p>\n\n\n\n<p>18H30 \u2013 Forr\u00f3 Brasil<\/p>\n\n\n\n<p>20H30 \u2013 Quadrilha<\/p>\n\n\n\n<p>21H30 \u2013 Rodrigo Balla<\/p>\n\n\n\n<p>CORDEIRINHO<\/p>\n\n\n\n<p>18H30\u2013 Marianna Cunha<\/p>\n\n\n\n<p>20H30 \u2013 Quadrilha<\/p>\n\n\n\n<p>21H30 \u2013 Rickson Maioli<\/p>\n\n\n\n<p>S\u00e1bado (25\/06):<\/p>\n\n\n\n<p>Caju<\/p>\n\n\n\n<p>18H30 \u2013 Luis Fernando<\/p>\n\n\n\n<p>20H30 \u2013 Quadrilha<\/p>\n\n\n\n<p>21H30 \u2013 Rodrigo Balla<\/p>\n\n\n\n<p>Itaipua\u00e7u<\/p>\n\n\n\n<p>18H30 \u2013 Tatudoemcasa<\/p>\n\n\n\n<p>20H30 \u2013 Quadrilha<\/p>\n\n\n\n<p>21H30 \u2013 Rickson Maioli<\/p>\n\n\n\n<p>Cordeirinho<\/p>\n\n\n\n<p>18H30 \u2013 Betinho Bahia e Ismayer Alves<\/p>\n\n\n\n<p>20H30 \u2013 Quadrilha<\/p>\n\n\n\n<p>21H30 \u2013 L\u00e9o Lima<\/p>\n\n\n\n<p>Domingo (26\/06):<\/p>\n\n\n\n<p>Caju<\/p>\n\n\n\n<p>18H30 \u2013 Betinho Bahia e Ismayer Alves<\/p>\n\n\n\n<p>20H30 \u2013 Quadrilha<\/p>\n\n\n\n<p>21H30 \u2013 Marianna Cunha<\/p>\n\n\n\n<p>Itaipua\u00e7u<\/p>\n\n\n\n<p>18H30 \u2013 Edinho Manhoso<\/p>\n\n\n\n<p>20H30 \u2013 Quadrilha<\/p>\n\n\n\n<p>21H30 \u2013 L\u00e9o Lima<\/p>\n\n\n\n<p>Cordeirinho<\/p>\n\n\n\n<p>18H30 \u2013 Moniquinha \u00c2ngelo<\/p>\n\n\n\n<p>20H30 \u2013 Quadrilha<\/p>\n\n\n\n<p>21H30 \u2013 Jo\u00e3o Gabriel<\/p>\n","protected":false},"excerpt":{"rendered":"<p>O Arrai\u00e1 de Maric\u00e1 chega ao segundo fim de semana, sexta, s\u00e1bado e domingo, com atra\u00e7\u00f5es nos palcos montados no<\/p>\n","protected":false},"author":1,"featured_media":38985,"comment_status":"open","ping_status":"open","sticky":false,"template":"","format":"standard","meta":{"colormag_page_container_layout":"default_layout","colormag_page_sidebar_layout":"default_layout","footnotes":""},"categories":[18],"tags":[],"class_list":["post-38984","post","type-post","status-publish","format-standard","has-post-thumbnail","hentry","category-entretenimento"],"amp_enabled":true,"_links":{"self":[{"href":"https:\/\/maricatotal.com.br\/site\/wp-json\/wp\/v2\/posts\/38984","targetHints":{"allow":["GET"]}}],"collection":[{"href":"https:\/\/maricatotal.com.br\/site\/wp-json\/wp\/v2\/posts"}],"about":[{"href":"https:\/\/maricatotal.com.br\/site\/wp-json\/wp\/v2\/types\/post"}],"author":[{"embeddable":true,"href":"https:\/\/maricatotal.com.br\/site\/wp-json\/wp\/v2\/users\/1"}],"replies":[{"embeddable":true,"href":"https:\/\/maricatotal.com.br\/site\/wp-json\/wp\/v2\/comments?post=38984"}],"version-history":[{"count":1,"href":"https:\/\/maricatotal.com.br\/site\/wp-json\/wp\/v2\/posts\/38984\/revisions"}],"predecessor-version":[{"id":38986,"href":"https:\/\/maricatotal.com.br\/site\/wp-json\/wp\/v2\/posts\/38984\/revisions\/38986"}],"wp:featuredmedia":[{"embeddable":true,"href":"https:\/\/maricatotal.com.br\/site\/wp-json\/wp\/v2\/media\/38985"}],"wp:attachment":[{"href":"https:\/\/maricatotal.com.br\/site\/wp-json\/wp\/v2\/media?parent=38984"}],"wp:term":[{"taxonomy":"category","embeddable":true,"href":"https:\/\/maricatotal.com.br\/site\/wp-json\/wp\/v2\/categories?post=38984"},{"taxonomy":"post_tag","embeddable":true,"href":"https:\/\/maricatotal.com.br\/site\/wp-json\/wp\/v2\/tags?post=38984"}],"curies":[{"name":"wp","href":"https:\/\/api.w.org\/{rel}","templated":true}]}}