{"id":39610,"date":"2022-07-08T07:39:59","date_gmt":"2022-07-08T10:39:59","guid":{"rendered":"https:\/\/maricatotal.com.br\/site\/?p=39610"},"modified":"2022-07-14T10:33:41","modified_gmt":"2022-07-14T13:33:41","slug":"familiares-procuram-por-homem-desaparecido-em-marica-3","status":"publish","type":"post","link":"https:\/\/maricatotal.com.br\/site\/2022\/07\/08\/familiares-procuram-por-homem-desaparecido-em-marica-3\/","title":{"rendered":"Familiares procuram por homem desaparecido em Maric\u00e1\u00a0"},"content":{"rendered":"\n<p>Familiares e amigos seguem procuram Marcelo Mattos, que est\u00e1 desaparecido no munic\u00edpio de Maric\u00e1 desde a quarta-feira (06).<\/p>\n\n\n\n<p>De acordo com informa\u00e7\u00f5es de parentes, Marcelo saiu de casa pela manh\u00e3 para resolve alguns problemas e n\u00e3o voltou para casa.<\/p>\n\n\n\n<p>O homem e maqueiro no Hospital Municipal Dr. Ernesto Che Guevara, em S\u00e3o Jos\u00e9 do Imbassa\u00ed.<\/p>\n\n\n\n<p>Policiais militares est\u00e3o fazendo buscas para encontrar Marcelo.&nbsp;<\/p>\n","protected":false},"excerpt":{"rendered":"<p>Familiares e amigos seguem procuram Marcelo Mattos, que est\u00e1 desaparecido no munic\u00edpio de Maric\u00e1 desde a quarta-feira (06). De acordo<\/p>\n","protected":false},"author":1,"featured_media":39612,"comment_status":"open","ping_status":"open","sticky":false,"template":"","format":"standard","meta":{"colormag_page_container_layout":"default_layout","colormag_page_sidebar_layout":"default_layout","footnotes":""},"categories":[1],"tags":[],"class_list":["post-39610","post","type-post","status-publish","format-standard","has-post-thumbnail","hentry","category-noticias"],"amp_enabled":true,"_links":{"self":[{"href":"https:\/\/maricatotal.com.br\/site\/wp-json\/wp\/v2\/posts\/39610","targetHints":{"allow":["GET"]}}],"collection":[{"href":"https:\/\/maricatotal.com.br\/site\/wp-json\/wp\/v2\/posts"}],"about":[{"href":"https:\/\/maricatotal.com.br\/site\/wp-json\/wp\/v2\/types\/post"}],"author":[{"embeddable":true,"href":"https:\/\/maricatotal.com.br\/site\/wp-json\/wp\/v2\/users\/1"}],"replies":[{"embeddable":true,"href":"https:\/\/maricatotal.com.br\/site\/wp-json\/wp\/v2\/comments?post=39610"}],"version-history":[{"count":1,"href":"https:\/\/maricatotal.com.br\/site\/wp-json\/wp\/v2\/posts\/39610\/revisions"}],"predecessor-version":[{"id":39613,"href":"https:\/\/maricatotal.com.br\/site\/wp-json\/wp\/v2\/posts\/39610\/revisions\/39613"}],"wp:featuredmedia":[{"embeddable":true,"href":"https:\/\/maricatotal.com.br\/site\/wp-json\/wp\/v2\/media\/39612"}],"wp:attachment":[{"href":"https:\/\/maricatotal.com.br\/site\/wp-json\/wp\/v2\/media?parent=39610"}],"wp:term":[{"taxonomy":"category","embeddable":true,"href":"https:\/\/maricatotal.com.br\/site\/wp-json\/wp\/v2\/categories?post=39610"},{"taxonomy":"post_tag","embeddable":true,"href":"https:\/\/maricatotal.com.br\/site\/wp-json\/wp\/v2\/tags?post=39610"}],"curies":[{"name":"wp","href":"https:\/\/api.w.org\/{rel}","templated":true}]}}