{"id":39614,"date":"2022-07-08T07:41:37","date_gmt":"2022-07-08T10:41:37","guid":{"rendered":"https:\/\/maricatotal.com.br\/site\/?p=39614"},"modified":"2022-07-14T10:33:45","modified_gmt":"2022-07-14T13:33:45","slug":"ultimo-fim-de-semana-do-arraia-de-marica-tem-show-de-paula-fernandes","status":"publish","type":"post","link":"https:\/\/maricatotal.com.br\/site\/2022\/07\/08\/ultimo-fim-de-semana-do-arraia-de-marica-tem-show-de-paula-fernandes\/","title":{"rendered":"\u00daltimo fim de semana do Arrai\u00e1 de Maric\u00e1 tem show de Paula Fernandes\u00a0"},"content":{"rendered":"\n<p>A cantora sertaneja Paula Fernandes \u00e9 a grande atra\u00e7\u00e3o do \u00faltimo fim de semana do Arrai\u00e1 de Maric\u00e1, que acontece desta sexta (08) at\u00e9 domingo (10\/07), tamb\u00e9m com apresenta\u00e7\u00f5es de artistas locais. Desta vez, os espa\u00e7os para shows estar\u00e3o montados em Santa Paula e na Barra de Maric\u00e1 \u2013 que receber\u00e1 o show country pop de Paula Fernandes no domingo (02\/07), a partir das 21h30. Os visitantes e moradores t\u00eam a oportunidade de reverenciar espet\u00e1culos culturais, comidas t\u00edpicas e exposi\u00e7\u00f5es de artesanato.<\/p>\n\n\n\n<p>A programa\u00e7\u00e3o musical come\u00e7a \u00e0s 18h30 e entre os shows haver\u00e1 apresenta\u00e7\u00f5es de dan\u00e7a caipira (quadrilha) \u00e0s 20h30, al\u00e9m das tradicionais barraquinhas de comidas t\u00edpicas e muita divers\u00e3o para toda a fam\u00edlia. O palco da Barra de Maric\u00e1 receber\u00e1 todos os dias o show da Orquestra Sinf\u00f4nica Ambulante \u00e0s 23h30.<\/p>\n\n\n\n<p><strong>Confira a programa\u00e7\u00e3o do Arrai\u00e1 de Maric\u00e1:<\/strong><br>SEXTA-FEIRA, 8 DE JULHO<br>SANTA PAULA<br>21h30 \u2013 JORGINHO DOUG<\/p>\n\n\n\n<p>BARRA DE MARIC\u00c1<br>18h30 \u2013 RHOAN VICTOR<br>20h30 \u2013 QUADRILHA<br>21h30 \u2013 FELIPE FANTIM<br>23h30 \u2013 SINF\u00d4NICA AMBULANTE<\/p>\n\n\n\n<p>S\u00c1BADO, 9 DE JULHO<br>SANTA PAULA<br>21h30 \u2013 TATUDOEMCASA<\/p>\n\n\n\n<p>BARRA DE MARIC\u00c1<br>18h30 \u2013 MONIQUINHA ANGELO<br>20h30 \u2013 QUADRILHA<br>21h30 \u2013 L\u00c9O LIMA<br>23h30 \u2013 SINF\u00d4NICA AMBULANTE<\/p>\n\n\n\n<p>DOMINGO, 10 DE JULHO<br>SANTA PAULA<br>21h30 \u2013 RHOAN VICTOR<\/p>\n\n\n\n<p>BARRA DE MARIC\u00c1<br>18h30 \u2013 MARIANNA CUNHA<br>20h30 \u2013 QUADRILHA<br>21h30 \u2013 PAULA FERNANDES<br>23h30 \u2013 SINF\u00d4NICA AMBULANTE<\/p>\n","protected":false},"excerpt":{"rendered":"<p>A cantora sertaneja Paula Fernandes \u00e9 a grande atra\u00e7\u00e3o do \u00faltimo fim de semana do Arrai\u00e1 de Maric\u00e1, que acontece<\/p>\n","protected":false},"author":1,"featured_media":39616,"comment_status":"open","ping_status":"open","sticky":false,"template":"","format":"standard","meta":{"colormag_page_container_layout":"default_layout","colormag_page_sidebar_layout":"default_layout","footnotes":""},"categories":[14,18],"tags":[],"class_list":["post-39614","post","type-post","status-publish","format-standard","has-post-thumbnail","hentry","category-bairros","category-entretenimento"],"amp_enabled":true,"_links":{"self":[{"href":"https:\/\/maricatotal.com.br\/site\/wp-json\/wp\/v2\/posts\/39614","targetHints":{"allow":["GET"]}}],"collection":[{"href":"https:\/\/maricatotal.com.br\/site\/wp-json\/wp\/v2\/posts"}],"about":[{"href":"https:\/\/maricatotal.com.br\/site\/wp-json\/wp\/v2\/types\/post"}],"author":[{"embeddable":true,"href":"https:\/\/maricatotal.com.br\/site\/wp-json\/wp\/v2\/users\/1"}],"replies":[{"embeddable":true,"href":"https:\/\/maricatotal.com.br\/site\/wp-json\/wp\/v2\/comments?post=39614"}],"version-history":[{"count":1,"href":"https:\/\/maricatotal.com.br\/site\/wp-json\/wp\/v2\/posts\/39614\/revisions"}],"predecessor-version":[{"id":39617,"href":"https:\/\/maricatotal.com.br\/site\/wp-json\/wp\/v2\/posts\/39614\/revisions\/39617"}],"wp:featuredmedia":[{"embeddable":true,"href":"https:\/\/maricatotal.com.br\/site\/wp-json\/wp\/v2\/media\/39616"}],"wp:attachment":[{"href":"https:\/\/maricatotal.com.br\/site\/wp-json\/wp\/v2\/media?parent=39614"}],"wp:term":[{"taxonomy":"category","embeddable":true,"href":"https:\/\/maricatotal.com.br\/site\/wp-json\/wp\/v2\/categories?post=39614"},{"taxonomy":"post_tag","embeddable":true,"href":"https:\/\/maricatotal.com.br\/site\/wp-json\/wp\/v2\/tags?post=39614"}],"curies":[{"name":"wp","href":"https:\/\/api.w.org\/{rel}","templated":true}]}}