{"id":39659,"date":"2022-07-08T21:03:35","date_gmt":"2022-07-09T00:03:35","guid":{"rendered":"https:\/\/maricatotal.com.br\/site\/?p=39659"},"modified":"2022-07-14T10:34:08","modified_gmt":"2022-07-14T13:34:08","slug":"defesa-civil-de-marica-informa-que-nao-ha-previsao-de-chuva-para-o-fim-de-semana","status":"publish","type":"post","link":"https:\/\/maricatotal.com.br\/site\/2022\/07\/08\/defesa-civil-de-marica-informa-que-nao-ha-previsao-de-chuva-para-o-fim-de-semana\/","title":{"rendered":"Defesa Civil de Maric\u00e1 informa que n\u00e3o h\u00e1 previs\u00e3o de chuva para o fim de semana\u00a0"},"content":{"rendered":"\n<p>A Prefeitura de Maric\u00e1, por meio da Secretaria de Prote\u00e7\u00e3o e Defesa Civil, informa que n\u00e3o h\u00e1 possibilidade de chuva para o fim de semana. O mesmo cen\u00e1rio se repete at\u00e9 segunda-feira (11\/07), sem previs\u00e3o de chuva devido ao sistema de alta press\u00e3o.<\/p>\n\n\n\n<p>Nesta sexta-feira (08\/07) e s\u00e1bado (09\/07) o c\u00e9u se manter\u00e1 claro e com poucas nuvens, sem previs\u00e3o de chuva, ventos com intensidade fraca a moderada, temperatura variando entre 17\u00b0C e 29\u00b0C e a umidade relativa do ar entre 35% e 85%.<\/p>\n\n\n\n<p>No domingo (10\/07), o c\u00e9u se mant\u00e9m claro e com poucas nuvens, sem previs\u00e3o de chuva, ventos com intensidade fraca a moderada, temperatura variando entre 18\u00b0C e 30\u00b0C e a umidade relativa do ar entre 40% e 85%.<\/p>\n\n\n\n<p>As equipes da Defesa Civil permanecem de prontid\u00e3o 24 horas no centro operacional e podem ser acionadas pelos telefones 199,&nbsp;<a href=\"tel:2637-1999\">2637-1999<\/a>&nbsp;ou pelo WhatsApp&nbsp;<a href=\"tel:(21) 97000-5782\">(21) 97000-5782<\/a>.<\/p>\n","protected":false},"excerpt":{"rendered":"<p>A Prefeitura de Maric\u00e1, por meio da Secretaria de Prote\u00e7\u00e3o e Defesa Civil, informa que n\u00e3o h\u00e1 possibilidade de chuva<\/p>\n","protected":false},"author":1,"featured_media":39661,"comment_status":"open","ping_status":"open","sticky":false,"template":"","format":"standard","meta":{"colormag_page_container_layout":"default_layout","colormag_page_sidebar_layout":"default_layout","footnotes":""},"categories":[14],"tags":[],"class_list":["post-39659","post","type-post","status-publish","format-standard","has-post-thumbnail","hentry","category-bairros"],"amp_enabled":true,"_links":{"self":[{"href":"https:\/\/maricatotal.com.br\/site\/wp-json\/wp\/v2\/posts\/39659","targetHints":{"allow":["GET"]}}],"collection":[{"href":"https:\/\/maricatotal.com.br\/site\/wp-json\/wp\/v2\/posts"}],"about":[{"href":"https:\/\/maricatotal.com.br\/site\/wp-json\/wp\/v2\/types\/post"}],"author":[{"embeddable":true,"href":"https:\/\/maricatotal.com.br\/site\/wp-json\/wp\/v2\/users\/1"}],"replies":[{"embeddable":true,"href":"https:\/\/maricatotal.com.br\/site\/wp-json\/wp\/v2\/comments?post=39659"}],"version-history":[{"count":1,"href":"https:\/\/maricatotal.com.br\/site\/wp-json\/wp\/v2\/posts\/39659\/revisions"}],"predecessor-version":[{"id":39662,"href":"https:\/\/maricatotal.com.br\/site\/wp-json\/wp\/v2\/posts\/39659\/revisions\/39662"}],"wp:featuredmedia":[{"embeddable":true,"href":"https:\/\/maricatotal.com.br\/site\/wp-json\/wp\/v2\/media\/39661"}],"wp:attachment":[{"href":"https:\/\/maricatotal.com.br\/site\/wp-json\/wp\/v2\/media?parent=39659"}],"wp:term":[{"taxonomy":"category","embeddable":true,"href":"https:\/\/maricatotal.com.br\/site\/wp-json\/wp\/v2\/categories?post=39659"},{"taxonomy":"post_tag","embeddable":true,"href":"https:\/\/maricatotal.com.br\/site\/wp-json\/wp\/v2\/tags?post=39659"}],"curies":[{"name":"wp","href":"https:\/\/api.w.org\/{rel}","templated":true}]}}