{"id":39695,"date":"2022-07-11T08:41:53","date_gmt":"2022-07-11T11:41:53","guid":{"rendered":"https:\/\/maricatotal.com.br\/site\/?p=39695"},"modified":"2022-07-14T10:34:33","modified_gmt":"2022-07-14T13:34:33","slug":"marica-aulas-gratuitas-de-comportamento-e-bem-estar-animal-aos-sabados-no-socializacao","status":"publish","type":"post","link":"https:\/\/maricatotal.com.br\/site\/2022\/07\/11\/marica-aulas-gratuitas-de-comportamento-e-bem-estar-animal-aos-sabados-no-socializacao\/","title":{"rendered":"Maric\u00e1: Aulas gratuitas de comportamento e bem-estar animal aos s\u00e1bados no SocializaC\u00c3O"},"content":{"rendered":"\n<p>A Prefeitura de Maric\u00e1, por meio da Coordenadoria de Prote\u00e7\u00e3o Animal, organizou no \u00faltimo s\u00e1bado (09\/7) o segundo encontro dos participantes do curso SocializaC\u00c3O, que vai abordar os temas legisla\u00e7\u00e3o, bem-estar e comportamento animal para moradores da cidade. Neste encontro, que ocorreu na quadra do Centro de Artes e Esportes Unificados (CEU), os 22 participantes foram divididos em tr\u00eas turmas e os c\u00e3es passaram por exames de sa\u00fade. O objetivo das aulas \u00e9 mostrar aos tutores a melhor forma de manejo com os seus c\u00e3es, ajudando-os a desenvolver controle e construir uma rela\u00e7\u00e3o melhor em casa e fora dela.<\/p>\n\n\n\n<p>\u201cO governo est\u00e1 comprometido com a constru\u00e7\u00e3o de uma rede de prote\u00e7\u00e3o para a sa\u00fade animal com projetos como o SocializaC\u00c3O, a promo\u00e7\u00e3o do bem-estar animal nas escolas e a apura\u00e7\u00e3o de den\u00fancias de maus tratos. O curso tem por objetivo melhorar a cultura das pessoas em rela\u00e7\u00e3o aos animais e, assim, fazer valer a pena todo valor investido na causa animal na cidade\u201d, afirma ele.<\/p>\n\n\n\n<p>A primeira reuni\u00e3o ocorreu no s\u00e1bado passado (02\/07), quando foi feita uma an\u00e1lise comportamental. As aulas v\u00e3o acontecer todos os s\u00e1bados at\u00e9 meados de outubro, quando ser\u00e1 a formatura da turma. O coordenador Fabiano Novaes disse estar animado com o empenho da turma e afirma que Maric\u00e1 \u00e9 uma cidade diferenciada, com grandes investimentos no programa de controle reprodutivo.<\/p>\n","protected":false},"excerpt":{"rendered":"<p>A Prefeitura de Maric\u00e1, por meio da Coordenadoria de Prote\u00e7\u00e3o Animal, organizou no \u00faltimo s\u00e1bado (09\/7) o segundo encontro dos<\/p>\n","protected":false},"author":1,"featured_media":39696,"comment_status":"open","ping_status":"open","sticky":false,"template":"","format":"standard","meta":{"colormag_page_container_layout":"default_layout","colormag_page_sidebar_layout":"default_layout","footnotes":""},"categories":[18],"tags":[],"class_list":["post-39695","post","type-post","status-publish","format-standard","has-post-thumbnail","hentry","category-entretenimento"],"amp_enabled":true,"_links":{"self":[{"href":"https:\/\/maricatotal.com.br\/site\/wp-json\/wp\/v2\/posts\/39695","targetHints":{"allow":["GET"]}}],"collection":[{"href":"https:\/\/maricatotal.com.br\/site\/wp-json\/wp\/v2\/posts"}],"about":[{"href":"https:\/\/maricatotal.com.br\/site\/wp-json\/wp\/v2\/types\/post"}],"author":[{"embeddable":true,"href":"https:\/\/maricatotal.com.br\/site\/wp-json\/wp\/v2\/users\/1"}],"replies":[{"embeddable":true,"href":"https:\/\/maricatotal.com.br\/site\/wp-json\/wp\/v2\/comments?post=39695"}],"version-history":[{"count":1,"href":"https:\/\/maricatotal.com.br\/site\/wp-json\/wp\/v2\/posts\/39695\/revisions"}],"predecessor-version":[{"id":39697,"href":"https:\/\/maricatotal.com.br\/site\/wp-json\/wp\/v2\/posts\/39695\/revisions\/39697"}],"wp:featuredmedia":[{"embeddable":true,"href":"https:\/\/maricatotal.com.br\/site\/wp-json\/wp\/v2\/media\/39696"}],"wp:attachment":[{"href":"https:\/\/maricatotal.com.br\/site\/wp-json\/wp\/v2\/media?parent=39695"}],"wp:term":[{"taxonomy":"category","embeddable":true,"href":"https:\/\/maricatotal.com.br\/site\/wp-json\/wp\/v2\/categories?post=39695"},{"taxonomy":"post_tag","embeddable":true,"href":"https:\/\/maricatotal.com.br\/site\/wp-json\/wp\/v2\/tags?post=39695"}],"curies":[{"name":"wp","href":"https:\/\/api.w.org\/{rel}","templated":true}]}}