{"id":39851,"date":"2022-07-13T13:27:39","date_gmt":"2022-07-13T16:27:39","guid":{"rendered":"https:\/\/maricatotal.com.br\/site\/?p=39851"},"modified":"2022-07-14T10:26:50","modified_gmt":"2022-07-14T13:26:50","slug":"escritorio-social-itinerante-comeca-atendimento-nos-condominios-do-minha-casa-minha-vida-em-marica","status":"publish","type":"post","link":"https:\/\/maricatotal.com.br\/site\/2022\/07\/13\/escritorio-social-itinerante-comeca-atendimento-nos-condominios-do-minha-casa-minha-vida-em-marica\/","title":{"rendered":"Escrit\u00f3rio Social Itinerante come\u00e7a atendimento nos condom\u00ednios do Minha Casa Minha Vida em Maric\u00e1\u00a0"},"content":{"rendered":"\n<p>A Prefeitura de Maric\u00e1, por meio da Secretaria de Pol\u00edticas Inclusivas, promoveu nesta ter\u00e7a (12\/07) uma reuni\u00e3o de alinhamento da equipe do Escrit\u00f3rio Social Itinerante para atendimento nos condom\u00ednios Minha Casa Minha Vida de Ino\u00e3 e Itaipua\u00e7u, voltado \u00e0s pessoas egressas do sistema penitenci\u00e1rio e suas fam\u00edlias. A a\u00e7\u00e3o acontecer\u00e1 nos dias 14\/07 no MCMV de Itaipua\u00e7u e 21\/07 no MCMV de Ino\u00e3, quando a equipe t\u00e9cnica far\u00e1 o encaminhamento destas pessoas para a rede de servi\u00e7os de prote\u00e7\u00e3o social oferecida pela Prefeitura.<\/p>\n\n\n\n<p>\u201cDemos um passo importante nas pol\u00edticas p\u00fablicas de inclus\u00e3o levando os servi\u00e7os do Escrit\u00f3rio Social para a promo\u00e7\u00e3o de trabalhos itinerantes, pensando na aproxima\u00e7\u00e3o da popula\u00e7\u00e3o egressa e de seus familiares nesses espa\u00e7os do MCMV e futuramente em outras localidades. Deixa de ser um servi\u00e7o que caminha na expectativa da demanda espont\u00e2nea do assistido para uma l\u00f3gica de territorialidade, antecipando-se \u00e0 movimenta\u00e7\u00e3o do egresso em sua reinclus\u00e3o social, conhecendo a dimens\u00e3o de suas lutas psicossociais in loco, promovendo o acolhimento humanizado, a escuta emp\u00e1tica e estabelecendo um plano individualizado para cada egresso\u201d, diz o secret\u00e1rio de Pol\u00edticas Inclusivas, Clauder Peres.<\/p>\n\n\n\n<p>Entre as atividades oferecidas, est\u00e3o o acesso \u00e0 capacita\u00e7\u00e3o profissional e ao mercado de trabalho, atendimento psicossocial e assist\u00eancias jur\u00eddica, social e religiosa. A coordenadora do Escrit\u00f3rio Social, Eliane Ferraz, ressaltou a import\u00e2ncia dos servi\u00e7os. \u201c\u00c9 fundamental que possamos avan\u00e7ar em parceria, visando aumento da escolaridade dos nossos assistidos, otimizando, assim, o processo de reinser\u00e7\u00e3o profissional\u201d, explicou.<\/p>\n","protected":false},"excerpt":{"rendered":"<p>A Prefeitura de Maric\u00e1, por meio da Secretaria de Pol\u00edticas Inclusivas, promoveu nesta ter\u00e7a (12\/07) uma reuni\u00e3o de alinhamento da<\/p>\n","protected":false},"author":1,"featured_media":39853,"comment_status":"open","ping_status":"open","sticky":false,"template":"","format":"standard","meta":{"colormag_page_container_layout":"default_layout","colormag_page_sidebar_layout":"default_layout","footnotes":""},"categories":[18],"tags":[],"class_list":["post-39851","post","type-post","status-publish","format-standard","has-post-thumbnail","hentry","category-entretenimento"],"amp_enabled":true,"_links":{"self":[{"href":"https:\/\/maricatotal.com.br\/site\/wp-json\/wp\/v2\/posts\/39851","targetHints":{"allow":["GET"]}}],"collection":[{"href":"https:\/\/maricatotal.com.br\/site\/wp-json\/wp\/v2\/posts"}],"about":[{"href":"https:\/\/maricatotal.com.br\/site\/wp-json\/wp\/v2\/types\/post"}],"author":[{"embeddable":true,"href":"https:\/\/maricatotal.com.br\/site\/wp-json\/wp\/v2\/users\/1"}],"replies":[{"embeddable":true,"href":"https:\/\/maricatotal.com.br\/site\/wp-json\/wp\/v2\/comments?post=39851"}],"version-history":[{"count":1,"href":"https:\/\/maricatotal.com.br\/site\/wp-json\/wp\/v2\/posts\/39851\/revisions"}],"predecessor-version":[{"id":39854,"href":"https:\/\/maricatotal.com.br\/site\/wp-json\/wp\/v2\/posts\/39851\/revisions\/39854"}],"wp:featuredmedia":[{"embeddable":true,"href":"https:\/\/maricatotal.com.br\/site\/wp-json\/wp\/v2\/media\/39853"}],"wp:attachment":[{"href":"https:\/\/maricatotal.com.br\/site\/wp-json\/wp\/v2\/media?parent=39851"}],"wp:term":[{"taxonomy":"category","embeddable":true,"href":"https:\/\/maricatotal.com.br\/site\/wp-json\/wp\/v2\/categories?post=39851"},{"taxonomy":"post_tag","embeddable":true,"href":"https:\/\/maricatotal.com.br\/site\/wp-json\/wp\/v2\/tags?post=39851"}],"curies":[{"name":"wp","href":"https:\/\/api.w.org\/{rel}","templated":true}]}}