{"id":39881,"date":"2022-07-14T08:51:28","date_gmt":"2022-07-14T11:51:28","guid":{"rendered":"https:\/\/maricatotal.com.br\/site\/?p=39881"},"modified":"2022-07-14T10:28:54","modified_gmt":"2022-07-14T13:28:54","slug":"marica-vai-incentivar-setor-de-tecnologia-de-informacao","status":"publish","type":"post","link":"https:\/\/maricatotal.com.br\/site\/2022\/07\/14\/marica-vai-incentivar-setor-de-tecnologia-de-informacao\/","title":{"rendered":"Maric\u00e1 vai incentivar setor de Tecnologia de Informa\u00e7\u00e3o"},"content":{"rendered":"\n<p>A Prefeitura de Maric\u00e1, por meio do Instituto de Ci\u00eancia, Tecnologia e Inova\u00e7\u00e3o de Maric\u00e1 (ICTIM), assinou na ter\u00e7a-feira (12\/07) um termo de coopera\u00e7\u00e3o t\u00e9cnica com o Sindicato das Empresas de Inform\u00e1tica do Estado do Rio de Janeiro (TI Rio) visando incentivar o setor de Tecnologia da Informa\u00e7\u00e3o na cidade. O acordo trata da execu\u00e7\u00e3o de a\u00e7\u00f5es conjuntas com foco no desenvolvimento e fomento voltado \u00e0s empresas de TI da cidade.<\/p>\n\n\n\n<p>\u201cVamos desenvolver com o TI Rio projetos na \u00e1rea de tecnologia de informa\u00e7\u00e3o. A ideia \u00e9 atrair empresas para c\u00e1. Em breve, sair\u00e1 o edital da Startup Rio, no qual Maric\u00e1 j\u00e1 est\u00e1 presente. Junto ao TI Rio, vamos ampliar esse processo de editais para criar um polo de inform\u00e1tica com o apoio da rela\u00e7\u00e3o que eles t\u00eam com as empresas, na l\u00f3gica estrat\u00e9gica de uma pol\u00edtica de TI para o Rio de Janeiro, no qual Maric\u00e1 tenha relev\u00e2ncia e esteja inserida\u201d, ressalta o diretor-presidente do ICTIM, Celso Pansera.<\/p>\n\n\n\n<p>O diretor de Tecnologia do ICTIM, Marcio Campos, lembra que a Estrat\u00e9gia Municipal de Ci\u00eancia, Tecnologia e Inova\u00e7\u00e3o de Maric\u00e1 (EMCTI), elaborada pela autarquia no fim de 2020, \u00e9 um dos primeiros marcos para a identifica\u00e7\u00e3o e a avalia\u00e7\u00e3o do ambiente de Inova\u00e7\u00e3o do munic\u00edpio.<\/p>\n\n\n\n<p>\u201cNo desenvolvimento da EMCTI foram identificados v\u00e1rios projetos nas secretarias e autarquias que tinham potencial no ambiente de Inova\u00e7\u00e3o de Maric\u00e1. O ICTIM, neste aspecto, fez um mapeamento inicial destes projetos. O TI Rio entra como um parceiro estrat\u00e9gico na identifica\u00e7\u00e3o de oportunidades, desafios locais e, claro, que isso em algum momento automaticamente ir\u00e1 atrair empresas para o territ\u00f3rio de Maric\u00e1\u201d.<\/p>\n\n\n\n<p>Para o presidente do TI Rio, Benito Paret, essa parceria com Maric\u00e1 refor\u00e7a o objetivo social que o sindicato tem no setor. \u201c\u00c9 importante essa aproxima\u00e7\u00e3o com Maric\u00e1, um munic\u00edpio que tem a tecnologia como foco em suas atividades e objetivos. Estar junto com a cidade desenvolvendo atividades faz parte do nosso objetivo social, enquanto sindicato representante do setor de TI. Esse conv\u00eanio com Maric\u00e1 abre um caminho de interc\u00e2mbio e aproxima as empresas que representamos da administra\u00e7\u00e3o p\u00fablica de Maric\u00e1, principalmente com o ICTIM, dirigido pelo ex-ministro Celso Pansera\u201d, destaca Paret.<\/p>\n","protected":false},"excerpt":{"rendered":"<p>A Prefeitura de Maric\u00e1, por meio do Instituto de Ci\u00eancia, Tecnologia e Inova\u00e7\u00e3o de Maric\u00e1 (ICTIM), assinou na ter\u00e7a-feira (12\/07)<\/p>\n","protected":false},"author":1,"featured_media":39883,"comment_status":"open","ping_status":"open","sticky":false,"template":"","format":"standard","meta":{"colormag_page_container_layout":"default_layout","colormag_page_sidebar_layout":"default_layout","footnotes":""},"categories":[18],"tags":[],"class_list":["post-39881","post","type-post","status-publish","format-standard","has-post-thumbnail","hentry","category-entretenimento"],"amp_enabled":true,"_links":{"self":[{"href":"https:\/\/maricatotal.com.br\/site\/wp-json\/wp\/v2\/posts\/39881","targetHints":{"allow":["GET"]}}],"collection":[{"href":"https:\/\/maricatotal.com.br\/site\/wp-json\/wp\/v2\/posts"}],"about":[{"href":"https:\/\/maricatotal.com.br\/site\/wp-json\/wp\/v2\/types\/post"}],"author":[{"embeddable":true,"href":"https:\/\/maricatotal.com.br\/site\/wp-json\/wp\/v2\/users\/1"}],"replies":[{"embeddable":true,"href":"https:\/\/maricatotal.com.br\/site\/wp-json\/wp\/v2\/comments?post=39881"}],"version-history":[{"count":1,"href":"https:\/\/maricatotal.com.br\/site\/wp-json\/wp\/v2\/posts\/39881\/revisions"}],"predecessor-version":[{"id":39884,"href":"https:\/\/maricatotal.com.br\/site\/wp-json\/wp\/v2\/posts\/39881\/revisions\/39884"}],"wp:featuredmedia":[{"embeddable":true,"href":"https:\/\/maricatotal.com.br\/site\/wp-json\/wp\/v2\/media\/39883"}],"wp:attachment":[{"href":"https:\/\/maricatotal.com.br\/site\/wp-json\/wp\/v2\/media?parent=39881"}],"wp:term":[{"taxonomy":"category","embeddable":true,"href":"https:\/\/maricatotal.com.br\/site\/wp-json\/wp\/v2\/categories?post=39881"},{"taxonomy":"post_tag","embeddable":true,"href":"https:\/\/maricatotal.com.br\/site\/wp-json\/wp\/v2\/tags?post=39881"}],"curies":[{"name":"wp","href":"https:\/\/api.w.org\/{rel}","templated":true}]}}