{"id":39895,"date":"2022-07-14T09:22:57","date_gmt":"2022-07-14T12:22:57","guid":{"rendered":"https:\/\/maricatotal.com.br\/site\/?p=39895"},"modified":"2022-07-14T10:29:04","modified_gmt":"2022-07-14T13:29:04","slug":"marica-maraey-obtem-alvara-que-autoriza-inicio-das-obras","status":"publish","type":"post","link":"https:\/\/maricatotal.com.br\/site\/2022\/07\/14\/marica-maraey-obtem-alvara-que-autoriza-inicio-das-obras\/","title":{"rendered":"Maric\u00e1: MARAEY obt\u00e9m alvar\u00e1 que autoriza in\u00edcio das obras"},"content":{"rendered":"\n<p>A Prefeitura de Maric\u00e1, atrav\u00e9s da Secretaria Municipal de Urbanismo, concedeu, nesta quarta-feira, o alvar\u00e1 que permite o in\u00edcio das obras de MARAEY, principal destino tur\u00edstico-imobili\u00e1rio sustent\u00e1vel do Brasil, em desenvolvimento no munic\u00edpio. A previs\u00e3o \u00e9 que as interven\u00e7\u00f5es sejam iniciadas na segunda quinzena de agosto. A primeira fase das obras ser\u00e1 focada na cria\u00e7\u00e3o do canteiro de obras e na urbaniza\u00e7\u00e3o e pavimenta\u00e7\u00e3o de mais de 20km de estradas.<\/p>\n\n\n\n<p>O CEO de MARAEY, Emilio Izquierdo Merlo, comemorou a conquista: &#8220;Hoje \u00e9 dia de celebra\u00e7\u00e3o por esse marco do nosso projeto, para todos aqueles que desejam o desenvolvimento sustent\u00e1vel de Maric\u00e1. Nosso time est\u00e1 muito feliz por alcan\u00e7armos mais essa etapa. Vamos entregar \u00e0 popula\u00e7\u00e3o de Maric\u00e1 um projeto que j\u00e1 \u00e9 refer\u00eancia mundial de sustentabilidade, com equil\u00edbrio ambiental, econ\u00f4mico e social.\u201d<\/p>\n\n\n\n<p>O projeto est\u00e1 desenhado para ser executado em diversas fases. Nos primeiros esfor\u00e7os da fase inicial, est\u00e1 autorizado o in\u00edcio das interven\u00e7\u00f5es de rede vi\u00e1ria e desenho urbano, redes externas de pavimentos e cal\u00e7adas, de drenagem, de abastecimento de \u00e1gua pot\u00e1vel e energia el\u00e9trica, de alumbrado p\u00fablico e telecomunica\u00e7\u00f5es, de g\u00e1s, de coleta, de tratamento de esgoto, rede de irriga\u00e7\u00e3o e sinaliza\u00e7\u00f5es em geral, bem como<br>dos canteiros de obras do empreendimento.<\/p>\n\n\n\n<p>Ainda na etapa inicial, MARAEY promete entregar a Maric\u00e1 uma nova via, de liga\u00e7\u00e3o entre Itaipua\u00e7u e o Centro, que aproveitar\u00e1 um trecho do tra\u00e7ado j\u00e1 existente. A estrada, que ser\u00e1 doada ao munic\u00edpio, ter\u00e1 estacionamento p\u00fablico e contar\u00e1 com um rigoroso padr\u00e3o ambiental e de seguran\u00e7a.<\/p>\n\n\n\n<p>Para Izquierdo, a concess\u00e3o do alvar\u00e1 mostra o respaldo e o apoio dos \u00f3rg\u00e3os  t\u00e9cnicos e da Prefeitura de Maric\u00e1 a um projeto que ser\u00e1 um divisor de \u00e1guas para o munic\u00edpio:<\/p>\n\n\n\n<p>\u201cMARAEY vai ajudar a impulsionar o potencial tur\u00edstico n\u00e3o s\u00f3 do munic\u00edpio<br>de Maric\u00e1, mas tamb\u00e9m do Estado do Rio de Janeiro. O empreendimento vai,<br>atrav\u00e9s dos quatro hot\u00e9is cinco estrelas, atrair mais de 300 mil turistas<br>diretos por ano. O complexo contar\u00e1, ainda, com uma universidade de<br>hotelaria e um novo polo residencial de ponta. E tudo isso ser\u00e1<br>desenvolvido com foco nas responsabilidades ambiental e social\u201d, conclui.<\/p>\n","protected":false},"excerpt":{"rendered":"<p>A Prefeitura de Maric\u00e1, atrav\u00e9s da Secretaria Municipal de Urbanismo, concedeu, nesta quarta-feira, o alvar\u00e1 que permite o in\u00edcio das<\/p>\n","protected":false},"author":1,"featured_media":39897,"comment_status":"open","ping_status":"open","sticky":false,"template":"","format":"standard","meta":{"colormag_page_container_layout":"default_layout","colormag_page_sidebar_layout":"default_layout","footnotes":""},"categories":[18],"tags":[],"class_list":["post-39895","post","type-post","status-publish","format-standard","has-post-thumbnail","hentry","category-entretenimento"],"amp_enabled":true,"_links":{"self":[{"href":"https:\/\/maricatotal.com.br\/site\/wp-json\/wp\/v2\/posts\/39895","targetHints":{"allow":["GET"]}}],"collection":[{"href":"https:\/\/maricatotal.com.br\/site\/wp-json\/wp\/v2\/posts"}],"about":[{"href":"https:\/\/maricatotal.com.br\/site\/wp-json\/wp\/v2\/types\/post"}],"author":[{"embeddable":true,"href":"https:\/\/maricatotal.com.br\/site\/wp-json\/wp\/v2\/users\/1"}],"replies":[{"embeddable":true,"href":"https:\/\/maricatotal.com.br\/site\/wp-json\/wp\/v2\/comments?post=39895"}],"version-history":[{"count":1,"href":"https:\/\/maricatotal.com.br\/site\/wp-json\/wp\/v2\/posts\/39895\/revisions"}],"predecessor-version":[{"id":39898,"href":"https:\/\/maricatotal.com.br\/site\/wp-json\/wp\/v2\/posts\/39895\/revisions\/39898"}],"wp:featuredmedia":[{"embeddable":true,"href":"https:\/\/maricatotal.com.br\/site\/wp-json\/wp\/v2\/media\/39897"}],"wp:attachment":[{"href":"https:\/\/maricatotal.com.br\/site\/wp-json\/wp\/v2\/media?parent=39895"}],"wp:term":[{"taxonomy":"category","embeddable":true,"href":"https:\/\/maricatotal.com.br\/site\/wp-json\/wp\/v2\/categories?post=39895"},{"taxonomy":"post_tag","embeddable":true,"href":"https:\/\/maricatotal.com.br\/site\/wp-json\/wp\/v2\/tags?post=39895"}],"curies":[{"name":"wp","href":"https:\/\/api.w.org\/{rel}","templated":true}]}}