{"id":40105,"date":"2022-07-19T08:52:19","date_gmt":"2022-07-19T11:52:19","guid":{"rendered":"https:\/\/maricatotal.com.br\/site\/?p=40105"},"modified":"2022-07-19T08:52:21","modified_gmt":"2022-07-19T11:52:21","slug":"maraey-firma-parceria-com-o-maior-grupo-de-seguranca-da-america-latina","status":"publish","type":"post","link":"https:\/\/maricatotal.com.br\/site\/2022\/07\/19\/maraey-firma-parceria-com-o-maior-grupo-de-seguranca-da-america-latina\/","title":{"rendered":"MARAEY firma parceria com o maior grupo de seguran\u00e7a da Am\u00e9rica Latina\u00a0"},"content":{"rendered":"\n<p>Os executivos de MARAEY, Emilio Izquierdo (CEO) e David\u00a0Galipienzo\u00a0(diretor executivo), assinaram, nesta segunda-feira, 18 de julho, um acordo com a\u00a0SegurPro, empresa de seguran\u00e7a patrimonial e tecnologia do Grupo Prosegur, refer\u00eancia em\u00a0seguran\u00e7a privada no mundo. O memorando de inten\u00e7\u00f5es prev\u00ea a implementa\u00e7\u00e3o de um sistema de seguran\u00e7a sustent\u00e1vel, com solu\u00e7\u00f5es de ponta para seguran\u00e7a, em todas as fases do projeto, desde a constru\u00e7\u00e3o at\u00e9 seu pleno funcionamento. O trabalho, que ser\u00e1 desenvolvido pela\u00a0SegurPro, contribuir\u00e1 para a cria\u00e7\u00e3o do inovador modelo de\u00a0<em>SmartDestination<\/em>\u00a0de MARAEY, com a inclus\u00e3o de ferramentas altamente tecnol\u00f3gicas.\u00a0<\/p>\n\n\n\n<p>O acordo prev\u00ea a implementa\u00e7\u00e3o das solu\u00e7\u00f5es mais avan\u00e7adas do mercado. A parceria com a\u00a0SegurPropossibilitar\u00e1 a MARAEY contar com todo aparato tecnol\u00f3gico do\u00a0iSOC\u00a0(Intelligent\u00a0Security\u00a0OperationCenter), o maior centro operacional do setor de seguran\u00e7a privada da Am\u00e9rica Latina. Com opera\u00e7\u00e3o 24 horas por dia, sete dias por semana, o\u00a0iSOC\u00a0ir\u00e1 controlar remotamente os SES (sistemas eletr\u00f4nicos de seguran\u00e7a), CFTV (circuito fechado de tv), controles de acessos, detec\u00e7\u00e3o de intrus\u00f5es, preven\u00e7\u00e3o de inc\u00eandios e a manuten\u00e7\u00e3o de todo aparato tecnol\u00f3gico. O acordo tamb\u00e9m contempla os servi\u00e7os de vigil\u00e2ncia, com equipe certificada e especializada para atuar dentro do conceito\u00a0<em>smart\u00a0cities<\/em>. Al\u00e9m da seguran\u00e7a f\u00edsica, a seguran\u00e7a l\u00f3gica tamb\u00e9m foi contemplada no projeto, com servi\u00e7os de\u00a0Ciberseguran\u00e7a\u00a0e PCI (<em>Payment\u00a0Card\u00a0Industry<\/em>) oferecidos pela\u00a0Cipher, tamb\u00e9m empresa do Grupo Prosegur respons\u00e1vel pelos servi\u00e7os\u00a0<em>cibersecurity<\/em>.\u00a0<\/p>\n\n\n\n<p>Para Emilio Izquierdo, assinar um acordo com o Grupo Prosegur garantir\u00e1 a implementa\u00e7\u00e3o de uma estrutura de seguran\u00e7a abrangente para todo o complexo, o que contribuir\u00e1 ativamente para o desenvolvimento do destino tur\u00edstico-residencial sustent\u00e1vel mais seguro do Brasil.&nbsp;<\/p>\n\n\n\n<p>\u201cEstamos orgulhosos de trazer ao projeto um parceiro t\u00e3o importante. A&nbsp;SegurPro&nbsp;vai desenvolver solu\u00e7\u00f5es focadas nas necessidades espec\u00edficas de MARAEY. O grupo, que \u00e9 reconhecido mundialmente, vai aplicar uma tecnologia de ponta e utilizar os sistemas mais avan\u00e7ados de seguran\u00e7a em nosso empreendimento\u201d, afirma.&nbsp;<\/p>\n\n\n\n<p>S\u00e9rgio Souza, CEO da&nbsp;SegurPro, acredita que as tecnologias de seguran\u00e7a posicionar\u00e3o MARAEY num cen\u00e1rio ainda mais destacado no mercado tur\u00edstico e residencial brasileiro. &nbsp;<\/p>\n\n\n\n<p><br>\u201cNosso\u00a0<em>know-how\u00a0<\/em>internacional em seguran\u00e7a e tecnologia somado \u00e0 nossa experi\u00eancia de mais de 40 anos no mercado brasileiro de seguran\u00e7a privada ir\u00e1 oferecer ao MARAEY solu\u00e7\u00f5es inovadoras, garantindo ao empreendimento uma proposta de seguran\u00e7a inteligente, completa e totalmente integrada ao conceito\u00a0<em>Smart\u00a0City<\/em>\u201d, afirma o executivo.<\/p>\n\n\n\n<figure class=\"wp-block-image size-large is-resized\"><img loading=\"lazy\" decoding=\"async\" src=\"https:\/\/maricatotal.com.br\/site\/wp-content\/uploads\/2022\/07\/B61AB8FC-A391-4078-B981-FC824DB28419-1024x576.jpeg\" alt=\"\" class=\"wp-image-40076\" width=\"359\" height=\"201\" srcset=\"https:\/\/maricatotal.com.br\/site\/wp-content\/uploads\/2022\/07\/B61AB8FC-A391-4078-B981-FC824DB28419-1024x576.jpeg 1024w, https:\/\/maricatotal.com.br\/site\/wp-content\/uploads\/2022\/07\/B61AB8FC-A391-4078-B981-FC824DB28419-300x169.jpeg 300w, https:\/\/maricatotal.com.br\/site\/wp-content\/uploads\/2022\/07\/B61AB8FC-A391-4078-B981-FC824DB28419-768x432.jpeg 768w, https:\/\/maricatotal.com.br\/site\/wp-content\/uploads\/2022\/07\/B61AB8FC-A391-4078-B981-FC824DB28419-1536x864.jpeg 1536w, https:\/\/maricatotal.com.br\/site\/wp-content\/uploads\/2022\/07\/B61AB8FC-A391-4078-B981-FC824DB28419-800x445.jpeg 800w, https:\/\/maricatotal.com.br\/site\/wp-content\/uploads\/2022\/07\/B61AB8FC-A391-4078-B981-FC824DB28419.jpeg 2048w\" sizes=\"auto, (max-width: 359px) 100vw, 359px\" \/><\/figure>\n\n\n\n<p><strong><em>Smart<\/em><\/strong><strong><em>&nbsp;City<\/em><\/strong><strong>&nbsp;com edif\u00edcios inteligentes e recursos naturais<\/strong><\/p>\n\n\n\n<p>MARAEY ter\u00e1 a filosofia de uma&nbsp;<em>Smart<\/em><em>&nbsp;City<\/em>, com implementa\u00e7\u00e3o extensiva de tecnologias da Informa\u00e7\u00e3o e Comunica\u00e7\u00e3o. O empreendimento oferecer\u00e1 novas moradias de diferentes tipologias (multifamiliar, duplex e casas), rodeadas de zonas verdes, com servi\u00e7os integrados como escola, hospital, shopping e neg\u00f3cios, al\u00e9m de in\u00fameras atividades de lazer e esportivas. Tendo em vista a inova\u00e7\u00e3o em sua base de pilares, o complexo ir\u00e1 incorporar todos os princ\u00edpios de uma Cidade Inteligente e se tornar\u00e1 uma refer\u00eancia mundial em seguran\u00e7a, efici\u00eancia energ\u00e9tica e sustentabilidade.<\/p>\n\n\n\n<p>Al\u00e9m de toda a tecnologia embarcada na seguran\u00e7a, que ser\u00e1 fortalecida com a chegada da&nbsp;SegurPro, o empreendimento contar\u00e1 ainda com edif\u00edcios inteligentes e iniciativas de uso equilibrado dos recursos naturais que minimizem o impacto sobre o meio ambiente. O sistema local de transporte, por exemplo, vai usar o modal el\u00e9trico, diminuindo a emiss\u00e3o de poluentes do ar. Al\u00e9m disso, MARAEY contar\u00e1 tamb\u00e9m com in\u00fameros pontos de conex\u00e3o el\u00e9trica, ilumina\u00e7\u00e3o inteligente e ecol\u00f3gica (solar), materiais de base biol\u00f3gica, fachadas din\u00e2micas e telhados verdes.&nbsp;<\/p>\n\n\n\n<p><strong>Sobre MARAEY<\/strong><\/p>\n\n\n\n<p>MARAEY ser\u00e1 desenvolvido na Costa do Sol, em Maric\u00e1. Em seu bra\u00e7o tur\u00edstico, o empreendimento,\u00a0que j\u00e1 conta com premia\u00e7\u00f5es e selos de reconhecimento mundial, \u00a0\u2013 como o Pr\u00eamio de Lideran\u00e7a do U.S. Green Building\u00a0Council\u00a02021 para Am\u00e9rica Latina (2021 USGBC\u00a0Leadership\u00a0Award\u00a0Latin\u00a0America), o selo BIOSPHERE e as\u00a0pr\u00e9 certifica\u00e7\u00f5es\u00a0Sustainable\u00a0SITES\u00a0Initiative\u00a0GOLD e\u00a0Geo\u00a0Sustainable\u00a0\u2013\u00a0contar\u00e1 com quatro hot\u00e9is cinco estrelas, que receber\u00e3o uma m\u00e9dia de 300 mil turistas diretos por ano.<\/p>\n\n\n\n<p>Com uma ocupa\u00e7\u00e3o predial de apenas 6,6% do terreno, dentro dos 840 hectares do empreendimento ser\u00e1 criada a segunda maior Reserva Particular do Patrim\u00f4nio Natural (RPPN) de restinga do Estado do Rio, e quinta do Brasil. E as cerca de 200 fam\u00edlias de pescadores que vivem na comunidade de Zacarias ser\u00e3o beneficiadas pela regulariza\u00e7\u00e3o fundi\u00e1ria, pela urbaniza\u00e7\u00e3o com o mesmo padr\u00e3o do empreendimento e pelo incentivo \u00e0 cultura e \u00e0 pesca locais.<\/p>\n\n\n\n<p>O investimento privado, baseado em princ\u00edpios de Desenvolvimento Sustent\u00e1vel \u2013 ESG, ser\u00e1 na ordem dos R$ 11 bilh\u00f5es, com arrecada\u00e7\u00e3o de impostos de R$ 7,2 bilh\u00f5es e mais de 56.000 empregos durante os primeiros 14 anos (constru\u00e7\u00e3o e consolida\u00e7\u00e3o de vendas); e mais R$ 1 bilh\u00e3o de arrecada\u00e7\u00e3o anual na opera\u00e7\u00e3o, com gera\u00e7\u00e3o de 36 mil empregos, quando MARAEY estiver em pleno funcionamento.<\/p>\n\n\n\n<p><strong>Sobre o Grupo Prosegur<\/strong><\/p>\n\n\n\n<p>O Grupo Prosegur \u00e9 refer\u00eancia mundial no setor de seguran\u00e7a privada. Atrav\u00e9s de suas linhas de neg\u00f3cios, Prosegur Security, Prosegur Cash, Prosegur\u00a0Alarms, Prosegur AVOS e\u00a0Cipher, oferece \u00e0s empresas e aos domic\u00edlios uma seguran\u00e7a confi\u00e1vel baseada nas solu\u00e7\u00f5es mais avan\u00e7adas do mercado. Com uma presen\u00e7a global, o Grupo Prosegur teve um faturamento de 3.498 milh\u00f5es de euros em 2021, est\u00e1 listada nas bolsas de valores espanholas sob o indicador PSG e conta atualmente com uma equipe de cerca de 150 mil funcion\u00e1rios. O Grupo Prosegur atua de acordo com as melhores pr\u00e1ticas ambientais, sociais e de boa governan\u00e7a. A empresa configurou a sustentabilidade como um pilar estrat\u00e9gico em todas as suas a\u00e7\u00f5es, com o objetivo de ser a refer\u00eancia do setor.\u00a0<\/p>\n\n\n\n<p>Bra\u00e7o de seguran\u00e7a patrimonial do Grupo no Brasil, a&nbsp;SegurPro&nbsp;oferece consultoria e tecnologia de ponta para prover solu\u00e7\u00f5es customizadas em seguran\u00e7a para atender qualquer tipo de cliente. Possui uma equipe de mais de 35 mil profissionais altamente capacitados, operando em todos os 26 estados brasileiros e atende clientes de todos os setores. \u00c9 a \u00fanica empresa de seguran\u00e7a em sua \u00e1rea de atua\u00e7\u00e3o que est\u00e1 presente em todo o territ\u00f3rio nacional, em mais de quatro mil munic\u00edpios.<\/p>\n\n\n\n<p>Para mais informa\u00e7\u00f5es, acesse&nbsp;<a href=\"http:\/\/www.segurpro.com.br\/\">www.segurpro.com.br<\/a><\/p>\n","protected":false},"excerpt":{"rendered":"<p>Os executivos de MARAEY, Emilio Izquierdo (CEO) e David\u00a0Galipienzo\u00a0(diretor executivo), assinaram, nesta segunda-feira, 18 de julho, um acordo com a\u00a0SegurPro,<\/p>\n","protected":false},"author":1,"featured_media":40077,"comment_status":"open","ping_status":"open","sticky":false,"template":"","format":"standard","meta":{"colormag_page_container_layout":"default_layout","colormag_page_sidebar_layout":"default_layout","footnotes":""},"categories":[18,17],"tags":[],"class_list":["post-40105","post","type-post","status-publish","format-standard","has-post-thumbnail","hentry","category-entretenimento","category-politica"],"amp_enabled":true,"_links":{"self":[{"href":"https:\/\/maricatotal.com.br\/site\/wp-json\/wp\/v2\/posts\/40105","targetHints":{"allow":["GET"]}}],"collection":[{"href":"https:\/\/maricatotal.com.br\/site\/wp-json\/wp\/v2\/posts"}],"about":[{"href":"https:\/\/maricatotal.com.br\/site\/wp-json\/wp\/v2\/types\/post"}],"author":[{"embeddable":true,"href":"https:\/\/maricatotal.com.br\/site\/wp-json\/wp\/v2\/users\/1"}],"replies":[{"embeddable":true,"href":"https:\/\/maricatotal.com.br\/site\/wp-json\/wp\/v2\/comments?post=40105"}],"version-history":[{"count":1,"href":"https:\/\/maricatotal.com.br\/site\/wp-json\/wp\/v2\/posts\/40105\/revisions"}],"predecessor-version":[{"id":40107,"href":"https:\/\/maricatotal.com.br\/site\/wp-json\/wp\/v2\/posts\/40105\/revisions\/40107"}],"wp:featuredmedia":[{"embeddable":true,"href":"https:\/\/maricatotal.com.br\/site\/wp-json\/wp\/v2\/media\/40077"}],"wp:attachment":[{"href":"https:\/\/maricatotal.com.br\/site\/wp-json\/wp\/v2\/media?parent=40105"}],"wp:term":[{"taxonomy":"category","embeddable":true,"href":"https:\/\/maricatotal.com.br\/site\/wp-json\/wp\/v2\/categories?post=40105"},{"taxonomy":"post_tag","embeddable":true,"href":"https:\/\/maricatotal.com.br\/site\/wp-json\/wp\/v2\/tags?post=40105"}],"curies":[{"name":"wp","href":"https:\/\/api.w.org\/{rel}","templated":true}]}}