{"id":40115,"date":"2022-07-19T14:08:41","date_gmt":"2022-07-19T17:08:41","guid":{"rendered":"https:\/\/maricatotal.com.br\/site\/?p=40115"},"modified":"2022-07-19T14:08:42","modified_gmt":"2022-07-19T17:08:42","slug":"segunda-edicao-do-festival-pedacinho-de-ceu-comeca-nesta-quinta-feira","status":"publish","type":"post","link":"https:\/\/maricatotal.com.br\/site\/2022\/07\/19\/segunda-edicao-do-festival-pedacinho-de-ceu-comeca-nesta-quinta-feira\/","title":{"rendered":"Segunda edi\u00e7\u00e3o do festival Pedacinho de C\u00e9u come\u00e7a nesta quinta-feira\u00a0"},"content":{"rendered":"\n<p>A Prefeitura de Maric\u00e1 promove a segunda edi\u00e7\u00e3o do festival Pedacinho de C\u00e9u, que retorna ao deck P\u00f4r do Sol de Ara\u00e7atiba a partir desta quinta-feira (21\/07) com diversos shows, feira de artes e gastronomia at\u00e9 o pr\u00f3ximo domingo (24\/07). Em todos os dias, a banda de chorinho que leva o nome do evento far\u00e1 a abertura da programa\u00e7\u00e3o musical, sempre a partir das 17h, que ter\u00e1 somente artistas locais. No primeiro dia, a cantora Bruna Mandz leva ao palco seu repert\u00f3rio de pop e MPB, enquanto os dias seguintes v\u00e3o ser de muito samba sobre as \u00e1guas, com os cantores J\u00f4 Borges (sexta, dia 22), Rafael Ca\u00e7ula (s\u00e1bado, 23) e Baby do Cavaco (domingo, 24).<\/p>\n\n\n\n<p>O Pedacinho do C\u00e9u teve sua primeira edi\u00e7\u00e3o entre os dias 20 e 24 de abril, durante a Semana Santa, quando recebeu um p\u00fablico estimado em 10 mil pessoas nos cinco dias. O evento \u00e9 inspirado na Praia de Jacar\u00e9, em Jo\u00e3o Pessoa, na Para\u00edba, considerado um dos mais belos pores do sol do Brasil. A organiza\u00e7\u00e3o \u00e9 da Companhia de Desenvolvimento de Maric\u00e1 (Codemar), em parceria com as secretarias de Turismo e de Promo\u00e7\u00e3o e Projetos Especiais.<\/p>\n\n\n\n<p>Para o presidente da Codemar, Olavo Noleto, o festival \u00e9 um importante produto tur\u00edstico que apresenta para o mundo os encantos, a hist\u00f3ria e a arte da cidade de Maric\u00e1. \u201cEssa composi\u00e7\u00e3o l\u00fadica que inclui m\u00fasica e natureza, atrav\u00e9s do p\u00f4r do sol, tem uma reverbera\u00e7\u00e3o grande que ajuda a divulgar todos os projetos e inova\u00e7\u00f5es da cidade para fora de suas fronteiras\u201d, disse ele.<\/p>\n\n\n\n<p>Al\u00e9m do palco flutuante montado na lagoa, em frente ao deck de Ara\u00e7atiba, o p\u00fablico poder\u00e1 ainda conhecer produtos variados vendidos na Feira de Artesanato de Maric\u00e1 (Feirarte) e degustar comidas e petiscos especiais produzidos em amplo espa\u00e7o de gastronomia em uma estrutura montada \u00e0s margens da lagoa, sempre a partir das 14h.<\/p>\n\n\n\n<p><strong>Confira a programa\u00e7\u00e3o completa:<\/strong><\/p>\n\n\n\n<p>Quinta feira \u2013 dia 21\/07<br>17h \u2013 Banda Pedacinho do C\u00e9u<br>19h \u2013 Bruna Mandz<br>21h \u2013 DJ<\/p>\n\n\n\n<p>Sexta-feira \u2013 22\/07<br>17h \u2013 Banda Pedacinho do C\u00e9u<br>19h \u2013 J\u00f4 Borges<br>21h \u2013 DJ<\/p>\n\n\n\n<p>S\u00e1bado \u2013 23\/07<br>17h \u2013 Banda Pedacinho do C\u00e9u<br>19h \u2013 Rafael Ca\u00e7ula<br>21h \u2013 DJ<\/p>\n\n\n\n<p>Domingo \u2013 24\/07<br>17h \u2013 Banda Pedacinho do C\u00e9u<br>19h \u2013 Baby do Cavaco<br>21h \u2013 DJ<\/p>\n","protected":false},"excerpt":{"rendered":"<p>A Prefeitura de Maric\u00e1 promove a segunda edi\u00e7\u00e3o do festival Pedacinho de C\u00e9u, que retorna ao deck P\u00f4r do Sol<\/p>\n","protected":false},"author":1,"featured_media":40116,"comment_status":"open","ping_status":"open","sticky":false,"template":"","format":"standard","meta":{"colormag_page_container_layout":"default_layout","colormag_page_sidebar_layout":"default_layout","footnotes":""},"categories":[18],"tags":[],"class_list":["post-40115","post","type-post","status-publish","format-standard","has-post-thumbnail","hentry","category-entretenimento"],"amp_enabled":true,"_links":{"self":[{"href":"https:\/\/maricatotal.com.br\/site\/wp-json\/wp\/v2\/posts\/40115","targetHints":{"allow":["GET"]}}],"collection":[{"href":"https:\/\/maricatotal.com.br\/site\/wp-json\/wp\/v2\/posts"}],"about":[{"href":"https:\/\/maricatotal.com.br\/site\/wp-json\/wp\/v2\/types\/post"}],"author":[{"embeddable":true,"href":"https:\/\/maricatotal.com.br\/site\/wp-json\/wp\/v2\/users\/1"}],"replies":[{"embeddable":true,"href":"https:\/\/maricatotal.com.br\/site\/wp-json\/wp\/v2\/comments?post=40115"}],"version-history":[{"count":1,"href":"https:\/\/maricatotal.com.br\/site\/wp-json\/wp\/v2\/posts\/40115\/revisions"}],"predecessor-version":[{"id":40117,"href":"https:\/\/maricatotal.com.br\/site\/wp-json\/wp\/v2\/posts\/40115\/revisions\/40117"}],"wp:featuredmedia":[{"embeddable":true,"href":"https:\/\/maricatotal.com.br\/site\/wp-json\/wp\/v2\/media\/40116"}],"wp:attachment":[{"href":"https:\/\/maricatotal.com.br\/site\/wp-json\/wp\/v2\/media?parent=40115"}],"wp:term":[{"taxonomy":"category","embeddable":true,"href":"https:\/\/maricatotal.com.br\/site\/wp-json\/wp\/v2\/categories?post=40115"},{"taxonomy":"post_tag","embeddable":true,"href":"https:\/\/maricatotal.com.br\/site\/wp-json\/wp\/v2\/tags?post=40115"}],"curies":[{"name":"wp","href":"https:\/\/api.w.org\/{rel}","templated":true}]}}