{"id":40123,"date":"2022-07-19T14:14:05","date_gmt":"2022-07-19T17:14:05","guid":{"rendered":"https:\/\/maricatotal.com.br\/site\/?p=40123"},"modified":"2022-07-22T18:35:16","modified_gmt":"2022-07-22T21:35:16","slug":"guarda-municipal-de-marica-participa-de-capacitacao-para-ronda-escolar","status":"publish","type":"post","link":"https:\/\/maricatotal.com.br\/site\/2022\/07\/19\/guarda-municipal-de-marica-participa-de-capacitacao-para-ronda-escolar\/","title":{"rendered":"Guarda Municipal de Maric\u00e1 participa de capacita\u00e7\u00e3o para Ronda Escolar"},"content":{"rendered":"\n<p>A Prefeitura de Maric\u00e1 iniciou na segunda-feira (18\/07) o curso \u201cDireitos Humanos e Seguran\u00e7a p\u00fablica: capacita\u00e7\u00e3o para a Ronda Escolar da GM Maric\u00e1\u201d para 31 guardas municipais, fruto da parceria entre Secretaria de Ordem P\u00fablica e Gest\u00e3o de Gabinete Institucional (Seop) e a Escola Municipal de Administra\u00e7\u00e3o Maric\u00e1 (Emar). As aulas acontecem de 18 a 26\/07, no Audit\u00f3rio da Emar, no Centro.<\/p>\n\n\n\n<p>\u201c\u00c9 um grupamento especializado que ficou fora dos seus postos durante dois anos, per\u00edodo das restri\u00e7\u00f5es da pandemia da Covid-19, retornamos e ampliamos a equipe. Estamos dialogando com a dire\u00e7\u00e3o das escolas e a Secretaria de Educa\u00e7\u00e3o. S\u00f3 no primeiro semestre foram realizadas mais de 900 visitas nas unidades de ensino. O curso \u00e9 para atualizar, capacitar e formar os agentes sobre como tratar e trabalhar com a comunidade escolar. Estamos ampliando a forma\u00e7\u00e3o para outros membros, que atuam em outros grupamentos, para que possam atuar em alguma aus\u00eancia\u201d, explicou o comandante da Guarda Municipal de Maric\u00e1, Jean Carlos Medeiros.<\/p>\n\n\n\n<p>S\u00e3o 42 horas\/aula sobre diversos assuntos que comp\u00f5em o universo da Ronda Escolar, entre eles o Estatuto da Crian\u00e7a e do Adolescente (ECA); os Direitos Humanos; as formas de viol\u00eancias mais frequentes contra crian\u00e7as e adolescentes; agravos na sa\u00fade, bullying e outras formas de viol\u00eancia contra crian\u00e7as e adolescentes; e a import\u00e2ncia da sociedade civil na integra\u00e7\u00e3o aos conselhos municipais para o enfrentamento \u00e0s viola\u00e7\u00f5es de direito contra crian\u00e7as e adolescentes.<\/p>\n\n\n\n<p>O secret\u00e1rio de Ordem P\u00fablica e Gest\u00e3o de Gabinete Institucional, Julio Cesar Veras, ressalta que o curso faz parte da educa\u00e7\u00e3o continuada da GM. \u201cQueremos ampliar e intensificar o trabalho da nossa ronda escolar junto a todas as escolas do munic\u00edpio, com rondas ostensiva, preventiva, mas tamb\u00e9m com atividades e palestras. Estaremos ainda mais presentes orientando a comunidade escolar. Especializar nossos agentes \u00e9 fazer com que eles tenham um olhar diferenciado, criterioso, que possam passar conte\u00fado e lidar com assuntos sens\u00edveis\u201d, declarou.<\/p>\n\n\n\n<p><strong>A\u00e7\u00f5es preventivas nas escolas<\/strong><\/p>\n\n\n\n<p>Criado h\u00e1 19 anos, o Grupamento de Ronda Escolar de Maric\u00e1 realiza diversas a\u00e7\u00f5es preventivas de seguran\u00e7a nas unidades, al\u00e9m de zelar por seu entorno e participar de a\u00e7\u00f5es educativas, juntamente com o corpo docente e discente das unidades de ensino municipal. O efetivo conta com 16 agentes, que fazem as visitas diariamente nas 76 unidades de ensino, sendo 65 escolas municipais, dez estaduais e uma federal, at\u00e9 as 21h, contemplando os tr\u00eas turnos.<\/p>\n","protected":false},"excerpt":{"rendered":"<p>A Prefeitura de Maric\u00e1 iniciou na segunda-feira (18\/07) o curso \u201cDireitos Humanos e Seguran\u00e7a p\u00fablica: capacita\u00e7\u00e3o para a Ronda Escolar<\/p>\n","protected":false},"author":1,"featured_media":40124,"comment_status":"open","ping_status":"open","sticky":false,"template":"","format":"standard","meta":{"colormag_page_container_layout":"default_layout","colormag_page_sidebar_layout":"default_layout","footnotes":""},"categories":[18],"tags":[],"class_list":["post-40123","post","type-post","status-publish","format-standard","has-post-thumbnail","hentry","category-entretenimento"],"amp_enabled":true,"_links":{"self":[{"href":"https:\/\/maricatotal.com.br\/site\/wp-json\/wp\/v2\/posts\/40123","targetHints":{"allow":["GET"]}}],"collection":[{"href":"https:\/\/maricatotal.com.br\/site\/wp-json\/wp\/v2\/posts"}],"about":[{"href":"https:\/\/maricatotal.com.br\/site\/wp-json\/wp\/v2\/types\/post"}],"author":[{"embeddable":true,"href":"https:\/\/maricatotal.com.br\/site\/wp-json\/wp\/v2\/users\/1"}],"replies":[{"embeddable":true,"href":"https:\/\/maricatotal.com.br\/site\/wp-json\/wp\/v2\/comments?post=40123"}],"version-history":[{"count":1,"href":"https:\/\/maricatotal.com.br\/site\/wp-json\/wp\/v2\/posts\/40123\/revisions"}],"predecessor-version":[{"id":40126,"href":"https:\/\/maricatotal.com.br\/site\/wp-json\/wp\/v2\/posts\/40123\/revisions\/40126"}],"wp:featuredmedia":[{"embeddable":true,"href":"https:\/\/maricatotal.com.br\/site\/wp-json\/wp\/v2\/media\/40124"}],"wp:attachment":[{"href":"https:\/\/maricatotal.com.br\/site\/wp-json\/wp\/v2\/media?parent=40123"}],"wp:term":[{"taxonomy":"category","embeddable":true,"href":"https:\/\/maricatotal.com.br\/site\/wp-json\/wp\/v2\/categories?post=40123"},{"taxonomy":"post_tag","embeddable":true,"href":"https:\/\/maricatotal.com.br\/site\/wp-json\/wp\/v2\/tags?post=40123"}],"curies":[{"name":"wp","href":"https:\/\/api.w.org\/{rel}","templated":true}]}}