{"id":40128,"date":"2022-07-19T14:17:23","date_gmt":"2022-07-19T17:17:23","guid":{"rendered":"https:\/\/maricatotal.com.br\/site\/?p=40128"},"modified":"2022-07-22T18:35:22","modified_gmt":"2022-07-22T21:35:22","slug":"times-do-marica-esporte-competicoes-participam-da-xiii-copa-intermunicipal-de-futsal","status":"publish","type":"post","link":"https:\/\/maricatotal.com.br\/site\/2022\/07\/19\/times-do-marica-esporte-competicoes-participam-da-xiii-copa-intermunicipal-de-futsal\/","title":{"rendered":"Times do Maric\u00e1 Esporte Competi\u00e7\u00f5es participam da XIII Copa Intermunicipal de Futsal"},"content":{"rendered":"\n<p>Representando o munic\u00edpio, a equipe do Maric\u00e1 Esporte Competi\u00e7\u00f5es, da Prefeitura, participou nesse s\u00e1bado (16\/07) da XIII Copa Intermunicipal de Futsal, em Rio Bonito. Os times mantidos pela Secretaria de Esporte e Lazer, por meio do projeto que recebe o nome da equipe, garantiram excelentes resultados nas disputas masculinas. Participam munic\u00edpios como Rio Bonito, Maric\u00e1, Nova Friburgo, Casimiro de Abreu, S\u00e3o Pedro D\u2019Aldeia, Iguaba Grande e Araruama.<\/p>\n\n\n\n<p>Na categoria sub-8, o Maric\u00e1 Esporte Competi\u00e7\u00f5es ficou com o segundo lugar, ap\u00f3s ser derrotado pelo Serr\u00e3o. J\u00e1 pela categoria sub-13, o time do Iguaba levou a melhor em cima do Maric\u00e1, garantindo um placar de 5 a 4, tornando o Maric\u00e1 Esporte Competi\u00e7\u00f5es vice-campe\u00e3o. Nas categorias sub-9 e sub-11, Maric\u00e1 conquistou o terceiro lugar com placares de 8 a 0 contra o Iguaba e 4 a 0 contra o Serr\u00e3o.<\/p>\n\n\n\n<p><strong>Confira o placar:<\/strong><br>Disputa do primeiro e segundo lugar:<br>SUB 08 \u2013 SERR\u00c3O 4\u00d73 MARIC\u00c1<br>SUB 13 \u2013 IGUABA 4\u00d75 MARIC\u00c1<\/p>\n\n\n\n<p>Disputa do terceiro lugar:<br>SUB 09 \u2013 MARIC\u00c1 8 X 0 IGUABA<br>SUB 11 \u2013 MARIC\u00c1 4 X 0 SERR\u00c3O<\/p>\n\n\n\n<p><strong>Maric\u00e1 Esporte Competi\u00e7\u00f5es<\/strong><\/p>\n\n\n\n<p>O projeto surge como uma iniciativa para aproveitar potenciais talentos oriundos dos projetos socioesportivos promovidos pela Prefeitura de Maric\u00e1. Estes atletas s\u00e3o descobertos na \u201cescolinha\u201d e elevados ao patamar de equipe, onde iniciar\u00e3o sua vida competitiva com estrutura fornecida pela iniciativa.<\/p>\n\n\n\n<p>Contemplando cinco modalidades \u2013 futebol, futsal, gin\u00e1stica r\u00edtmica, karat\u00ea e v\u00f4lei \u2013, os at\u00e9 ent\u00e3o alunos da escolinha, tornam-se atletas e passam a receber treinamento espec\u00edfico visando competi\u00e7\u00f5es, suporte m\u00e9dico, material, uniforme, al\u00e9m das demandas necess\u00e1rias (inscri\u00e7\u00e3o, arbitragem, alimenta\u00e7\u00e3o e transporte).<\/p>\n","protected":false},"excerpt":{"rendered":"<p>Representando o munic\u00edpio, a equipe do Maric\u00e1 Esporte Competi\u00e7\u00f5es, da Prefeitura, participou nesse s\u00e1bado (16\/07) da XIII Copa Intermunicipal de<\/p>\n","protected":false},"author":1,"featured_media":40129,"comment_status":"open","ping_status":"open","sticky":false,"template":"","format":"standard","meta":{"colormag_page_container_layout":"default_layout","colormag_page_sidebar_layout":"default_layout","footnotes":""},"categories":[18],"tags":[],"class_list":["post-40128","post","type-post","status-publish","format-standard","has-post-thumbnail","hentry","category-entretenimento"],"amp_enabled":true,"_links":{"self":[{"href":"https:\/\/maricatotal.com.br\/site\/wp-json\/wp\/v2\/posts\/40128","targetHints":{"allow":["GET"]}}],"collection":[{"href":"https:\/\/maricatotal.com.br\/site\/wp-json\/wp\/v2\/posts"}],"about":[{"href":"https:\/\/maricatotal.com.br\/site\/wp-json\/wp\/v2\/types\/post"}],"author":[{"embeddable":true,"href":"https:\/\/maricatotal.com.br\/site\/wp-json\/wp\/v2\/users\/1"}],"replies":[{"embeddable":true,"href":"https:\/\/maricatotal.com.br\/site\/wp-json\/wp\/v2\/comments?post=40128"}],"version-history":[{"count":1,"href":"https:\/\/maricatotal.com.br\/site\/wp-json\/wp\/v2\/posts\/40128\/revisions"}],"predecessor-version":[{"id":40130,"href":"https:\/\/maricatotal.com.br\/site\/wp-json\/wp\/v2\/posts\/40128\/revisions\/40130"}],"wp:featuredmedia":[{"embeddable":true,"href":"https:\/\/maricatotal.com.br\/site\/wp-json\/wp\/v2\/media\/40129"}],"wp:attachment":[{"href":"https:\/\/maricatotal.com.br\/site\/wp-json\/wp\/v2\/media?parent=40128"}],"wp:term":[{"taxonomy":"category","embeddable":true,"href":"https:\/\/maricatotal.com.br\/site\/wp-json\/wp\/v2\/categories?post=40128"},{"taxonomy":"post_tag","embeddable":true,"href":"https:\/\/maricatotal.com.br\/site\/wp-json\/wp\/v2\/tags?post=40128"}],"curies":[{"name":"wp","href":"https:\/\/api.w.org\/{rel}","templated":true}]}}